{"id":2903,"date":"2024-07-19T23:27:22","date_gmt":"2024-07-19T21:27:22","guid":{"rendered":"https:\/\/uttryck.net\/?p=2903"},"modified":"2024-11-28T18:54:13","modified_gmt":"2024-11-28T17:54:13","slug":"snalblast-i-varlden","status":"publish","type":"post","link":"https:\/\/uttryck.net\/?p=2903","title":{"rendered":"Sn\u00e5lbl\u00e5st i v\u00e4rlden"},"content":{"rendered":"\n<p class=\"wp-block-paragraph\">Martin Gelin <a href=\"https:\/\/www.dn.se\/kultur\/martin-gelin-silicon-valleys-antidemokratiska-miljardarer-samlas-bakom-jd-vance\/\">skriver i DN<\/a> om antidemokraterna i Silicon Valley \u2013 de som med sina m\u00e5ngmiljonbelopp i kampanjpengar har banat v\u00e4g f\u00f6r republikanernas vicepresidentkandidat JD Vance. \u201dDet h\u00e4r \u00e4r ingen\u00a0dold konspiration, utan en \u00f6ppen form av korruption av det slag som Trump normaliserat\u201d, skriver Martin Gelin.<\/p>\n\n\n\n<p class=\"wp-block-paragraph\">Om det inte vore f\u00f6r att jag har barn, och t\u00e4nker en del p\u00e5 vart v\u00e4rlden \u00e4r p\u00e5 v\u00e4g, s\u00e5 hade jag inte beh\u00f6vt bry mig om det.<\/p>\n\n\n\n<p class=\"wp-block-paragraph\">Men det \u00e4r en perfekt storm, som man brukar s\u00e4ga. \u201d\u00c4nnu en seger i p\u00e4rlbandet av segrar\u201d, <a href=\"https:\/\/sverigesradio.se\/play\/avsnitt\/2438715\">sa Yinna Lindberg<\/a> \u2013 en av USA-korrespondenterna i SR-podden med samma namn \u2013 aprop\u00e5 Trumps juridiska framg\u00e5ngar nu n\u00e4r \u00e4ven \u00e5talet om de hemligst\u00e4mplade dokumenten l\u00e4ggs ner.<\/p>\n\n\n\n<p class=\"wp-block-paragraph\">Samtidigt v\u00e4ntar alla p\u00e5 att Biden ska dra sig ur, att n\u00e5gon \u00e4nnu mer impopul\u00e4r demokrat ska st\u00e4lla sig vid rodret och att hela den amerikanska skutan ska k\u00f6ra r\u00e4tt ner i helvetet <\/p>\n\n\n\n<p class=\"wp-block-paragraph\">Jag \u00e4r maktl\u00f6s inf\u00f6r det som h\u00e4nder men klarar inte av att vara s\u00e5 likgiltig som jag borde f\u00f6rs\u00f6ka vara. Jag letar efter ljuspunkter i omv\u00e4rldsl\u00e4get och ser visserligen att det finns n\u00e5gra stycken. Det franska valet gick b\u00e4ttre \u00e4n v\u00e4ntat och Ursula von der Leyen omvaldes som EU-ordf\u00f6rande. Det finns krafter i Europa med ryggrad och respekt f\u00f6r sanningen. Men de k\u00e4mpar i allt starkare motvind, i en v\u00e4rld som har blivit m\u00f6rkare \u00e4n vad den hade beh\u00f6vt vara.<\/p>\n","protected":false},"excerpt":{"rendered":"<p>Martin Gelin skriver i DN om antidemokraterna i Silicon Valley \u2013 de som med sina m\u00e5ngmiljonbelopp i kampanjpengar har banat v\u00e4g f\u00f6r republikanernas vicepresidentkandidat JD Vance. \u201dDet h\u00e4r \u00e4r ingen\u00a0dold konspiration, utan en \u00f6ppen form av korruption av det slag som Trump normaliserat\u201d, skriver Martin Gelin. Om det inte vore f\u00f6r att jag har barn, [&hellip;]<\/p>\n","protected":false},"author":42965754,"featured_media":0,"comment_status":"open","ping_status":"open","sticky":false,"template":"","format":"standard","meta":{"_coblocks_attr":"","_coblocks_dimensions":"","_coblocks_responsive_height":"","_coblocks_accordion_ie_support":"","advanced_seo_description":"","jetpack_seo_html_title":"","jetpack_seo_noindex":false,"jetpack_seo_schema_type":"","_jetpack_newsletter_access":"","_jetpack_dont_email_post_to_subs":false,"_jetpack_newsletter_tier_id":0,"_jetpack_memberships_contains_paywalled_content":false,"_wpcom_ai_launchpad_first_post":false,"_jetpack_feature_clip_id":0,"_jetpack_memberships_contains_paid_content":false,"footnotes":"","jetpack_publicize_message":"","jetpack_publicize_feature_enabled":true,"jetpack_social_post_already_shared":false,"jetpack_social_options":{"image_generator_settings":{"template":"highway","default_image_id":0,"font":"","enabled":false},"version":2},"jetpack_post_was_ever_published":false},"categories":[6861],"tags":[],"class_list":["post-2903","post","type-post","status-publish","format-standard","hentry","category-politik"],"jetpack_publicize_connections":[],"jetpack_likes_enabled":true,"jetpack_sharing_enabled":true,"jetpack_shortlink":"https:\/\/wp.me\/p4saXQ-KP","jetpack-related-posts":[],"jetpack_featured_media_url":"","_links":{"self":[{"href":"https:\/\/uttryck.net\/index.php?rest_route=\/wp\/v2\/posts\/2903","targetHints":{"allow":["GET"]}}],"collection":[{"href":"https:\/\/uttryck.net\/index.php?rest_route=\/wp\/v2\/posts"}],"about":[{"href":"https:\/\/uttryck.net\/index.php?rest_route=\/wp\/v2\/types\/post"}],"author":[{"embeddable":true,"href":"https:\/\/uttryck.net\/index.php?rest_route=\/wp\/v2\/users\/42965754"}],"replies":[{"embeddable":true,"href":"https:\/\/uttryck.net\/index.php?rest_route=%2Fwp%2Fv2%2Fcomments&post=2903"}],"version-history":[{"count":9,"href":"https:\/\/uttryck.net\/index.php?rest_route=\/wp\/v2\/posts\/2903\/revisions"}],"predecessor-version":[{"id":2997,"href":"https:\/\/uttryck.net\/index.php?rest_route=\/wp\/v2\/posts\/2903\/revisions\/2997"}],"wp:attachment":[{"href":"https:\/\/uttryck.net\/index.php?rest_route=%2Fwp%2Fv2%2Fmedia&parent=2903"}],"wp:term":[{"taxonomy":"category","embeddable":true,"href":"https:\/\/uttryck.net\/index.php?rest_route=%2Fwp%2Fv2%2Fcategories&post=2903"},{"taxonomy":"post_tag","embeddable":true,"href":"https:\/\/uttryck.net\/index.php?rest_route=%2Fwp%2Fv2%2Ftags&post=2903"}],"curies":[{"name":"wp","href":"https:\/\/api.w.org\/{rel}","templated":true}]}}