{"id":3084,"date":"2025-01-08T22:55:21","date_gmt":"2025-01-08T21:55:21","guid":{"rendered":"https:\/\/uttryck.net\/?p=3084"},"modified":"2025-01-08T22:55:21","modified_gmt":"2025-01-08T21:55:21","slug":"i-samma-bat","status":"publish","type":"post","link":"https:\/\/uttryck.net\/?p=3084","title":{"rendered":"I samma b\u00e5t"},"content":{"rendered":"\n<p class=\"wp-block-paragraph\">N\u00e4r jag f\u00f6r n\u00e5gra dagar sedan k\u00f6rde genom ett regnigt Svedala t\u00e4nkte jag p\u00e5 att det som v\u00e5llar mig st\u00f6rst oro i livet \u00e4r klimatkrisen och kriget i Ukraina. Jag slogs av insikten att dessa problem, som \u00e4r hela m\u00e4nsklighetens, tynger mig mer \u00e4n alla mina bekymmer p\u00e5 det personliga planet. Den stora v\u00e4rldens m\u00f6rker s\u00e4nker sig \u00f6ver den lilla p\u00e5 ett s\u00e4tt som jag inte har upplevt f\u00f6rut.<\/p>\n\n\n\n<p class=\"wp-block-paragraph\">F\u00f6rdelen: att vi som k\u00e4nner likadant kan f\u00f6rst\u00e5 varandra. Nackdelen: att vi \u00e4r maktl\u00f6sa inf\u00f6r det som h\u00e4nder.<\/p>\n\n\n\n<p class=\"wp-block-paragraph\">Den h\u00e4r kv\u00e4llen f\u00f6r tjugo \u00e5r sedan rasade stormen Gudrun genom landet. Jag minns att elen slogs ut, lamporna slocknade. Med fem stearinljus vid k\u00f6ksbordet skrev jag f\u00f6ljande dagboksrader:<\/p>\n\n\n\n<blockquote class=\"wp-block-quote is-layout-flow wp-block-quote-is-layout-flow\">\n<p class=\"wp-block-paragraph\">Hela Lockarp \u00e4r m\u00f6rkt, men varken Malm\u00f6 eller Glostorp verkar ha drabbats. Jonas \u00e4r p\u00e5 jobbet tidigare idag, pappa f\u00f6rs\u00f6ker lindra tristessen med starkvinsgl\u00f6gg. Endast vindens sus i fl\u00e4kten och min faders sn\u00f6rvlingar h\u00f6rs genom m\u00f6rkret.<\/p>\n<\/blockquote>\n\n\n\n<p class=\"wp-block-paragraph\">Som om skyarna vill minnas Gudrun d\u00e5nar det \u00e4ven i kv\u00e4ll, fast mer beskedligt. Stormar blir det allt fler av \u00e4nd\u00e5 i v\u00e5r v\u00e4rld.<\/p>\n\n\n\n<p class=\"wp-block-paragraph\">Jag ska l\u00e4gga ifr\u00e5n mig mobilen och sova de sju timmar som Soldoktorn sagt att man beh\u00f6ver.<\/p>\n","protected":false},"excerpt":{"rendered":"<p>N\u00e4r jag f\u00f6r n\u00e5gra dagar sedan k\u00f6rde genom ett regnigt Svedala t\u00e4nkte jag p\u00e5 att det som v\u00e5llar mig st\u00f6rst oro i livet \u00e4r klimatkrisen och kriget i Ukraina. Jag slogs av insikten att dessa problem, som \u00e4r hela m\u00e4nsklighetens, tynger mig mer \u00e4n alla mina bekymmer p\u00e5 det personliga planet. Den stora v\u00e4rldens m\u00f6rker [&hellip;]<\/p>\n","protected":false},"author":42965754,"featured_media":0,"comment_status":"open","ping_status":"open","sticky":false,"template":"","format":"standard","meta":{"_coblocks_attr":"","_coblocks_dimensions":"","_coblocks_responsive_height":"","_coblocks_accordion_ie_support":"","advanced_seo_description":"","jetpack_seo_html_title":"","jetpack_seo_noindex":false,"jetpack_seo_schema_type":"","_jetpack_newsletter_access":"","_jetpack_dont_email_post_to_subs":false,"_jetpack_newsletter_tier_id":0,"_jetpack_memberships_contains_paywalled_content":false,"_wpcom_ai_launchpad_first_post":false,"_jetpack_feature_clip_id":0,"_jetpack_memberships_contains_paid_content":false,"footnotes":"","jetpack_publicize_message":"","jetpack_publicize_feature_enabled":true,"jetpack_social_post_already_shared":false,"jetpack_social_options":{"image_generator_settings":{"template":"highway","default_image_id":0,"font":"","enabled":false},"version":2},"jetpack_post_was_ever_published":false},"categories":[32203],"tags":[],"class_list":["post-3084","post","type-post","status-publish","format-standard","hentry","category-samhalle"],"jetpack_publicize_connections":[],"jetpack_likes_enabled":true,"jetpack_sharing_enabled":true,"jetpack_shortlink":"https:\/\/wp.me\/p4saXQ-NK","jetpack-related-posts":[],"jetpack_featured_media_url":"","_links":{"self":[{"href":"https:\/\/uttryck.net\/index.php?rest_route=\/wp\/v2\/posts\/3084","targetHints":{"allow":["GET"]}}],"collection":[{"href":"https:\/\/uttryck.net\/index.php?rest_route=\/wp\/v2\/posts"}],"about":[{"href":"https:\/\/uttryck.net\/index.php?rest_route=\/wp\/v2\/types\/post"}],"author":[{"embeddable":true,"href":"https:\/\/uttryck.net\/index.php?rest_route=\/wp\/v2\/users\/42965754"}],"replies":[{"embeddable":true,"href":"https:\/\/uttryck.net\/index.php?rest_route=%2Fwp%2Fv2%2Fcomments&post=3084"}],"version-history":[{"count":25,"href":"https:\/\/uttryck.net\/index.php?rest_route=\/wp\/v2\/posts\/3084\/revisions"}],"predecessor-version":[{"id":3114,"href":"https:\/\/uttryck.net\/index.php?rest_route=\/wp\/v2\/posts\/3084\/revisions\/3114"}],"wp:attachment":[{"href":"https:\/\/uttryck.net\/index.php?rest_route=%2Fwp%2Fv2%2Fmedia&parent=3084"}],"wp:term":[{"taxonomy":"category","embeddable":true,"href":"https:\/\/uttryck.net\/index.php?rest_route=%2Fwp%2Fv2%2Fcategories&post=3084"},{"taxonomy":"post_tag","embeddable":true,"href":"https:\/\/uttryck.net\/index.php?rest_route=%2Fwp%2Fv2%2Ftags&post=3084"}],"curies":[{"name":"wp","href":"https:\/\/api.w.org\/{rel}","templated":true}]}}