{"id":3158,"date":"2025-01-15T23:56:14","date_gmt":"2025-01-15T22:56:14","guid":{"rendered":"https:\/\/uttryck.net\/?p=3158"},"modified":"2025-02-03T06:30:32","modified_gmt":"2025-02-03T05:30:32","slug":"samma-visa-varje-dag","status":"publish","type":"post","link":"https:\/\/uttryck.net\/?p=3158","title":{"rendered":"Samma visa varje dag"},"content":{"rendered":"\n<p class=\"wp-block-paragraph\">Kaffet smakade n\u00e4stan f\u00f6r beskt i morse \u2013 vet inte om jag har k\u00e4nt s\u00e5 f\u00f6rut. Starkt kaffe har alltid varit ledstj\u00e4rnan, s\u00e5 att s\u00e4ga. Det var lika sant p\u00e5 nattpassen i f\u00f6retagsbilen som det var p\u00e5 restaurang Greken i Lund, d\u00e4r jag v\u00e4grade mj\u00f6lk (\u201dskyll dig sj\u00e4lv\u201d, sa servit\u00f6ren\/\u00e4garen) och vinglade ut koffeinf\u00f6rgiftad i studentsolen.<\/p>\n\n\n\n<p class=\"wp-block-paragraph\">En g\u00e5ng var jag p\u00e5 v\u00e4g att ta matbrickan med mig i grubblerierna. \u201dHar du problem i skolan\u201d, blev kommentaren.<\/p>\n\n\n\n<p class=\"wp-block-paragraph\">P\u00e5 terminalen har vi den h\u00e4r veckan f\u00e5tt in rekordstora m\u00e4ngder av paket med second hand-prylar. Till stor del \u00e4r det barnkl\u00e4der som skymtar genom trassliga plastkassar, eller n\u00e5gon docka som skrattar ot\u00e4ckt n\u00e4r man r\u00e5kar kl\u00e4mma lite f\u00f6r h\u00e5rt p\u00e5 en cornflakes-f\u00f6rpackning. En m\u00e5nad efter jul, med en vecka kvar till l\u00f6nen, finns det kanske en och annan som s\u00e4ljer sina egna eller andra familjemedlemmars klappar f\u00f6r att dryga ut hush\u00e5llskassan en smula.<\/p>\n\n\n\n<p class=\"wp-block-paragraph\">P\u00e5 eftermiddagen var det alldeles vindstilla utanf\u00f6r Bring p\u00e5 Blid\u00f6gatan, n\u00e5got som intr\u00e4ffar max tv\u00e5\u2013tre g\u00e5nger per vinter. Jag vet, f\u00f6r jag har v\u00e4ntat p\u00e5 Bring-personalen varje dag i mer \u00e4n tv\u00e5 \u00e5r. \u00c4nnu har ingen kommit p\u00e5 id\u00e9n att s\u00e4tta fram en bur till mig i f\u00f6rv\u00e4g; entrepren\u00f6rskap uppmuntras inte p\u00e5 det st\u00e4llet.<\/p>\n\n\n\n<p class=\"wp-block-paragraph\">Emellan\u00e5t dyker det upp en ny f\u00f6rm\u00e5ga i bes\u00f6ksluckan, med en nyfiken glimt i \u00f6gonen. Efter en vecka \u00e4r glimten borta, blicken d\u00f6d. Kristian Lundberg har redan konstaterat det: hamnomr\u00e5den \u00e4r inte m\u00e4nskliga. \u00c4nd\u00e5 \u00e4r solnedg\u00e5ngarna lika vackra d\u00e4r som annorst\u00e4des i stan.<\/p>\n\n\n\n<figure class=\"wp-block-image size-large\"><img data-recalc-dims=\"1\" loading=\"lazy\" decoding=\"async\" width=\"1024\" height=\"1024\" data-attachment-id=\"3168\" data-permalink=\"https:\/\/uttryck.net\/?attachment_id=3168\" data-orig-file=\"https:\/\/i0.wp.com\/uttryck.net\/wp-content\/uploads\/2025\/01\/img_2801-1.png?fit=1024%2C1024&amp;ssl=1\" data-orig-size=\"1024,1024\" data-comments-opened=\"1\" data-image-meta=\"{&quot;aperture&quot;:&quot;0&quot;,&quot;credit&quot;:&quot;&quot;,&quot;camera&quot;:&quot;&quot;,&quot;caption&quot;:&quot;&quot;,&quot;created_timestamp&quot;:&quot;0&quot;,&quot;copyright&quot;:&quot;&quot;,&quot;focal_length&quot;:&quot;0&quot;,&quot;iso&quot;:&quot;0&quot;,&quot;shutter_speed&quot;:&quot;0&quot;,&quot;title&quot;:&quot;&quot;,&quot;orientation&quot;:&quot;0&quot;}\" data-image-title=\"img_2801-1\" data-image-description=\"\" data-image-caption=\"\" data-large-file=\"https:\/\/i0.wp.com\/uttryck.net\/wp-content\/uploads\/2025\/01\/img_2801-1.png?fit=1024%2C1024&amp;ssl=1\" src=\"https:\/\/i0.wp.com\/uttryck.net\/wp-content\/uploads\/2025\/01\/img_2801-1.png?resize=1024%2C1024&#038;ssl=1\" alt=\"\" class=\"wp-image-3168\" \/><figcaption class=\"wp-element-caption\">Prompt: \u201dpostman lying under a big bunch of parcels\u201d.<\/figcaption><\/figure>\n","protected":false},"excerpt":{"rendered":"<p>Kaffet smakade n\u00e4stan f\u00f6r beskt i morse \u2013 vet inte om jag har k\u00e4nt s\u00e5 f\u00f6rut. Starkt kaffe har alltid varit ledstj\u00e4rnan, s\u00e5 att s\u00e4ga. Det var lika sant p\u00e5 nattpassen i f\u00f6retagsbilen som det var p\u00e5 restaurang Greken i Lund, d\u00e4r jag v\u00e4grade mj\u00f6lk (\u201dskyll dig sj\u00e4lv\u201d, sa servit\u00f6ren\/\u00e4garen) och vinglade ut koffeinf\u00f6rgiftad i [&hellip;]<\/p>\n","protected":false},"author":42965754,"featured_media":0,"comment_status":"open","ping_status":"open","sticky":false,"template":"","format":"standard","meta":{"_coblocks_attr":"","_coblocks_dimensions":"","_coblocks_responsive_height":"","_coblocks_accordion_ie_support":"","advanced_seo_description":"","jetpack_seo_html_title":"","jetpack_seo_noindex":false,"jetpack_seo_schema_type":"","_jetpack_newsletter_access":"","_jetpack_dont_email_post_to_subs":false,"_jetpack_newsletter_tier_id":0,"_jetpack_memberships_contains_paywalled_content":false,"_wpcom_ai_launchpad_first_post":false,"_jetpack_feature_clip_id":0,"_jetpack_memberships_contains_paid_content":false,"footnotes":"","jetpack_publicize_message":"","jetpack_publicize_feature_enabled":true,"jetpack_social_post_already_shared":false,"jetpack_social_options":{"image_generator_settings":{"template":"highway","default_image_id":0,"font":"","enabled":false},"version":2},"jetpack_post_was_ever_published":false},"categories":[17939,36671],"tags":[],"class_list":["post-3158","post","type-post","status-publish","format-standard","hentry","category-jobb","category-vardag"],"jetpack_publicize_connections":[],"jetpack_likes_enabled":true,"jetpack_sharing_enabled":true,"jetpack_shortlink":"https:\/\/wp.me\/p4saXQ-OW","jetpack-related-posts":[],"jetpack_featured_media_url":"","_links":{"self":[{"href":"https:\/\/uttryck.net\/index.php?rest_route=\/wp\/v2\/posts\/3158","targetHints":{"allow":["GET"]}}],"collection":[{"href":"https:\/\/uttryck.net\/index.php?rest_route=\/wp\/v2\/posts"}],"about":[{"href":"https:\/\/uttryck.net\/index.php?rest_route=\/wp\/v2\/types\/post"}],"author":[{"embeddable":true,"href":"https:\/\/uttryck.net\/index.php?rest_route=\/wp\/v2\/users\/42965754"}],"replies":[{"embeddable":true,"href":"https:\/\/uttryck.net\/index.php?rest_route=%2Fwp%2Fv2%2Fcomments&post=3158"}],"version-history":[{"count":14,"href":"https:\/\/uttryck.net\/index.php?rest_route=\/wp\/v2\/posts\/3158\/revisions"}],"predecessor-version":[{"id":3304,"href":"https:\/\/uttryck.net\/index.php?rest_route=\/wp\/v2\/posts\/3158\/revisions\/3304"}],"wp:attachment":[{"href":"https:\/\/uttryck.net\/index.php?rest_route=%2Fwp%2Fv2%2Fmedia&parent=3158"}],"wp:term":[{"taxonomy":"category","embeddable":true,"href":"https:\/\/uttryck.net\/index.php?rest_route=%2Fwp%2Fv2%2Fcategories&post=3158"},{"taxonomy":"post_tag","embeddable":true,"href":"https:\/\/uttryck.net\/index.php?rest_route=%2Fwp%2Fv2%2Ftags&post=3158"}],"curies":[{"name":"wp","href":"https:\/\/api.w.org\/{rel}","templated":true}]}}