{"id":3231,"date":"2025-02-13T22:50:06","date_gmt":"2025-02-13T21:50:06","guid":{"rendered":"https:\/\/uttryck.net\/?p=3231"},"modified":"2025-02-13T22:50:06","modified_gmt":"2025-02-13T21:50:06","slug":"nu-har-de-funnit-varandra","status":"publish","type":"post","link":"https:\/\/uttryck.net\/?p=3231","title":{"rendered":"Nu har de funnit varandra"},"content":{"rendered":"\n<p class=\"wp-block-paragraph\">\u201dDet \u00e4r oerh\u00f6rt viktigt att vi europeiska allierade \u00e4r engagerade, med tanke p\u00e5 att huvuddelen av det milit\u00e4ra st\u00f6det kommer fr\u00e5n Europa, ungef\u00e4r 60 procent f\u00f6rra \u00e5ret\u201d, s\u00e4ger P\u00e5l Jonson till DN.<\/p>\n\n\n\n<p class=\"wp-block-paragraph\">Detta p\u00e5 tal om att den amerikanske presidenten tycker sig kunna f\u00f6rhandla fram ett \u201dfredsavtal\u201d med den ryske massm\u00f6rdaren \u00f6ver huvudet p\u00e5 Ukraina.<\/p>\n\n\n\n<p class=\"wp-block-paragraph\">Fr\u00e5gan \u00e4r v\u00e4l varf\u00f6r USA ska f\u00f6rhandla \u00f6ver huvud taget, om intresset f\u00f6r ukrainarnas framtid \u00e4r s\u00e5 l\u00e5gt.<\/p>\n\n\n\n<p class=\"wp-block-paragraph\">Helt klart kommer de europeiska l\u00e4nderna att beh\u00f6va engagera sig betydligt mer. Antingen solidariskt h\u00e4r och nu \u2013 vilket \u00e4r det enda r\u00e4tta \u2013 eller i en \u00e4nnu v\u00e4rre sits om ett ok\u00e4nt antal \u00e5r.<\/p>\n\n\n\n<p class=\"wp-block-paragraph\">F\u00f6r min egen del h\u00e5ller jag fast vid Dagermans rader, som han m\u00e5ste ha skrivit kort f\u00f6re sin d\u00f6d:<\/p>\n\n\n\n<p class=\"wp-block-paragraph\">Jorden kan du inte g\u00f6ra om.<br>Stilla din h\u00e4ftiga sj\u00e4l!<br>Endast en sak kan du g\u00f6ra:<br>en annan m\u00e4nniska v\u00e4l.<\/p>\n\n\n\n<p class=\"wp-block-paragraph\">Jag lyfter inte p\u00e5 \u00f6gonbrynen om de tv\u00e5 n\u00e4mnda presidenterna skapar 2000-talets upplaga av Molotov\u2013Ribentrop-pakten: &#8221;Europa \u00e5t oss b\u00e5da, en kaka delad p\u00e5 mitten!&#8221;<\/p>\n\n\n\n<p class=\"wp-block-paragraph\">D\u00e5 s\u00e4nker sig m\u00f6rkret \u00f6ver v\u00e5r kontinent, mindre \u00e4n hundra \u00e5r sedan sist.<\/p>\n\n\n\n<p class=\"wp-block-paragraph\">Makt, detta substitut f\u00f6r medlidande .<\/p>\n","protected":false},"excerpt":{"rendered":"<p>\u201dDet \u00e4r oerh\u00f6rt viktigt att vi europeiska allierade \u00e4r engagerade, med tanke p\u00e5 att huvuddelen av det milit\u00e4ra st\u00f6det kommer fr\u00e5n Europa, ungef\u00e4r 60 procent f\u00f6rra \u00e5ret\u201d, s\u00e4ger P\u00e5l Jonson till DN. Detta p\u00e5 tal om att den amerikanske presidenten tycker sig kunna f\u00f6rhandla fram ett \u201dfredsavtal\u201d med den ryske massm\u00f6rdaren \u00f6ver huvudet p\u00e5 Ukraina. [&hellip;]<\/p>\n","protected":false},"author":42965754,"featured_media":0,"comment_status":"open","ping_status":"open","sticky":false,"template":"","format":"standard","meta":{"_coblocks_attr":"","_coblocks_dimensions":"","_coblocks_responsive_height":"","_coblocks_accordion_ie_support":"","advanced_seo_description":"","jetpack_seo_html_title":"","jetpack_seo_noindex":false,"jetpack_seo_schema_type":"","_jetpack_newsletter_access":"","_jetpack_dont_email_post_to_subs":false,"_jetpack_newsletter_tier_id":0,"_jetpack_memberships_contains_paywalled_content":false,"_wpcom_ai_launchpad_first_post":false,"_jetpack_feature_clip_id":0,"_jetpack_memberships_contains_paid_content":false,"footnotes":"","jetpack_publicize_message":"","jetpack_publicize_feature_enabled":true,"jetpack_social_post_already_shared":false,"jetpack_social_options":{"image_generator_settings":{"template":"highway","default_image_id":0,"font":"","enabled":false},"version":2},"jetpack_post_was_ever_published":false},"categories":[6861,32203],"tags":[],"class_list":["post-3231","post","type-post","status-publish","format-standard","hentry","category-politik","category-samhalle"],"jetpack_publicize_connections":[],"jetpack_likes_enabled":true,"jetpack_sharing_enabled":true,"jetpack_shortlink":"https:\/\/wp.me\/p4saXQ-Q7","jetpack-related-posts":[],"jetpack_featured_media_url":"","_links":{"self":[{"href":"https:\/\/uttryck.net\/index.php?rest_route=\/wp\/v2\/posts\/3231","targetHints":{"allow":["GET"]}}],"collection":[{"href":"https:\/\/uttryck.net\/index.php?rest_route=\/wp\/v2\/posts"}],"about":[{"href":"https:\/\/uttryck.net\/index.php?rest_route=\/wp\/v2\/types\/post"}],"author":[{"embeddable":true,"href":"https:\/\/uttryck.net\/index.php?rest_route=\/wp\/v2\/users\/42965754"}],"replies":[{"embeddable":true,"href":"https:\/\/uttryck.net\/index.php?rest_route=%2Fwp%2Fv2%2Fcomments&post=3231"}],"version-history":[{"count":25,"href":"https:\/\/uttryck.net\/index.php?rest_route=\/wp\/v2\/posts\/3231\/revisions"}],"predecessor-version":[{"id":3320,"href":"https:\/\/uttryck.net\/index.php?rest_route=\/wp\/v2\/posts\/3231\/revisions\/3320"}],"wp:attachment":[{"href":"https:\/\/uttryck.net\/index.php?rest_route=%2Fwp%2Fv2%2Fmedia&parent=3231"}],"wp:term":[{"taxonomy":"category","embeddable":true,"href":"https:\/\/uttryck.net\/index.php?rest_route=%2Fwp%2Fv2%2Fcategories&post=3231"},{"taxonomy":"post_tag","embeddable":true,"href":"https:\/\/uttryck.net\/index.php?rest_route=%2Fwp%2Fv2%2Ftags&post=3231"}],"curies":[{"name":"wp","href":"https:\/\/api.w.org\/{rel}","templated":true}]}}