{"id":3421,"date":"2025-02-22T23:49:00","date_gmt":"2025-02-22T22:49:00","guid":{"rendered":"http:\/\/uttryck.net\/?p=3421"},"modified":"2025-02-26T22:08:13","modified_gmt":"2025-02-26T21:08:13","slug":"pojkmordet-i-bomsarvet-en-utredning-med-fragetecken","status":"publish","type":"post","link":"https:\/\/uttryck.net\/?p=3421","title":{"rendered":"Pojkmordet i Bomsarvet"},"content":{"rendered":"\n<p class=\"has-x-large-font-size wp-block-paragraph\">En utredning med fr\u00e5getecken?<\/p>\n\n\n\n<p class=\"wp-block-paragraph\"><strong>I tidningsarkivet hittade jag nyligen n\u00e5gra obehagliga artiklar fr\u00e5n augusti 1949. De handlade om ett mord p\u00e5 den tre\u00e5rige pojken Tore Andersson utanf\u00f6r Borl\u00e4nge. Historien som rullades upp var att en \u00e4ldre flicka hade tagit livet av honom i skogen och erk\u00e4nt g\u00e4rningen efter n\u00e5gra dagar.<\/strong><\/p>\n\n\n\n<p class=\"wp-block-paragraph\">Nyfiken p\u00e5 fallet kom jag hem, <a href=\"https:\/\/www.flashback.org\/t1665536\">hittade en tr\u00e5d<\/a> om det p\u00e5 Flashback och s\u00e5g en h\u00e4nvisning till <em>Brottets kr\u00f6nika del III<\/em>. Den stod redan och v\u00e4ntade i min bokhylla \u2013 tack vare min pappas intresse f\u00f6r kriminalg\u00e5tor har jag f\u00e5tt \u00f6verta hela serien.<\/p>\n\n\n\n<p class=\"wp-block-paragraph\">I dag fick jag tillf\u00e4lle att l\u00e4sa kapitlet som b\u00e4r den kusliga titeln \u201dKurrag\u00f6mma\u201d, skrivet av Carl Olof Bernhardsson.<\/p>\n\n\n\n<p class=\"wp-block-paragraph\"><strong>Kvar i skogen<\/strong><\/p>\n\n\n\n<p class=\"wp-block-paragraph\">I historiens centrum st\u00e5r grannfamiljerna Andersson och Bj\u00f6rk (sistn\u00e4mnda familjs namn \u00e4r fingerade) i Bomsarvet utanf\u00f6r Borl\u00e4nge. De bodde i ett egnahemsomr\u00e5de med vad man i dag skulle kalla sociala utmaningar.<\/p>\n\n\n\n<p class=\"wp-block-paragraph\">I familjen Bj\u00f6rk finns en mor som f\u00e5tt eget ansvar f\u00f6r d\u00f6ttrarna Inga, 15, och Greta, 9, sedan fadern d\u00f6tt ett par \u00e5r tidigare. Familjen har en bakgrund inom pingstr\u00f6relsen och en religiositet som enligt f\u00f6rfattaren inte varit s\u00e4rskild sund. Efter faderns och andra sl\u00e4ktingars d\u00f6d har de f\u00f6rlorat anknytningen till religionen och delvis tappat fotf\u00e4stet i vardagen.<\/p>\n\n\n\n<p class=\"wp-block-paragraph\">I familjen Andersson finns en pensionerad far, en mor och flera barn varav Tore, 3, och Gerd, 5, \u00e4r de minsta. Den dag d\u00e5 tragedin utspelar sig f\u00e5r Tore och Gerd f\u00f6lja med Inga och Greta ut f\u00f6r att leka. Tillbaka till Anderssons kommer sedan bara en gr\u00e5tande Gerd, som s\u00e4ger att Tore finns &#8221;kvar i skogen\u201d.<\/p>\n\n\n\n<p class=\"wp-block-paragraph\"><strong>Funnen mellan bj\u00f6rkarna<\/strong><\/p>\n\n\n\n<p class=\"wp-block-paragraph\">Inga och Greta har ocks\u00e5 kommit hem till sig, men s\u00e4ger sig inte veta var Tore har tagit v\u00e4gen. Ortsborna b\u00f6rjar leta, polisen kopplas in, skallg\u00e5ngskedjor ordnas. Tores pappa f\u00f6rs\u00f6ker f\u00f6rtvivlat r\u00e4kna ut var sonen kan finnas:<\/p>\n\n\n\n<blockquote class=\"wp-block-quote is-style-default is-layout-flow wp-block-quote-is-layout-flow\">\n<p class=\"has-large-font-size wp-block-paragraph\">Andersson f\u00f6resl\u00e5r att de i forts\u00e4ttningen skall inrikta sig p\u00e5 ett hallonfall i n\u00e4rheten. D\u00e4r har han varit en g\u00e5ng och haft lillpojken med sig.<\/p>\n\n\n\n<p class=\"has-large-font-size wp-block-paragraph\">\u2013 Det kan ju t\u00e4nkas att han g\u00e5tt vilse men minns de d\u00e4r hallonbuskarna, s\u00e4ger han.<\/p>\n<\/blockquote>\n\n\n\n<p class=\"wp-block-paragraph\">Till sist hittas Tore d\u00f6d i det v\u00e5ta gr\u00e4set i en bj\u00f6rkdunge. Systrarna Inga och Greta s\u00e4tts i f\u00f6rh\u00f6r, nekar f\u00f6rst till allt men ber\u00e4ttar sedan bit f\u00f6r bit vad som har h\u00e4nt.<\/p>\n\n\n\n<p class=\"wp-block-paragraph\"><strong>De l\u00e4t honom d\u00f6<\/strong><\/p>\n\n\n\n<p class=\"wp-block-paragraph\">15-\u00e5riga Inga har g\u00e5tt iv\u00e4g med Tore, sagt att de ska leka kurrag\u00f6mma och sedan kv\u00e4vt honom med ett sn\u00f6re som hon bundit mellan tv\u00e5 bj\u00f6rkar.<\/p>\n\n\n\n<p class=\"wp-block-paragraph\">Greta har h\u00f6rt ett skrik som blev allt svagare. Senare har hon f\u00e5tt f\u00f6lja med systern till bj\u00f6rkdungen f\u00f6r att titta p\u00e5 pojken som l\u00e5g i gr\u00e4set med flugor i ansiktet.<\/p>\n\n\n\n<p class=\"wp-block-paragraph\">F\u00f6rmodligen levde han fortfarande, men flickorna gjorde ingenting f\u00f6r att hj\u00e4lpa honom.<\/p>\n\n\n\n<p class=\"wp-block-paragraph\">Inga Bj\u00f6rk hade gjort sig \u00f6k\u00e4nd i bygden f\u00f6rut. Hon hade br\u00e4nt ner flera uthus och bott en tid p\u00e5 uppfostringshem.<\/p>\n\n\n\n<p class=\"wp-block-paragraph\"><strong>Spiraltrappan<\/strong><\/p>\n\n\n\n<p class=\"wp-block-paragraph\">Under f\u00f6rh\u00f6ren med systrarna kom fler historier fram. Inga hade blandat ihop en dryck med symaskinsolja, kamfer, hostdroppar, tandkr\u00e4m och nervtabletter. Sedan hade hon f\u00e5tt 5-\u00e5riga Gerd att dricka den.<\/p>\n\n\n\n<p class=\"wp-block-paragraph\">\u201dGerd var alldeles brun och smetig kring munnen. Hon blev s\u00e5 konstig i \u00f6gonen, tyckte jag. De vart s\u00e5 stora. Hon stod och vaggade lite \u00e4nda tills hon n\u00e4stan vinglade omkull\u201d, ber\u00e4ttar Greta.<\/p>\n\n\n\n<p class=\"wp-block-paragraph\">Enligt f\u00f6rfattaren st\u00e5r det klart att systrarna har levt \u201di en slags skenv\u00e4rld\u201d. De har sprungit p\u00e5 bio och \u00e4gnat sina dagar \u00e5t att \u201dleka brott\u201d. I tidningsf\u00f6ljetongen <em>Spiraltrappan<\/em> har de inspirerats av en lustm\u00f6rdare som stryper sm\u00e5flickor.<\/p>\n\n\n\n<p class=\"wp-block-paragraph\">Men det finns fler aspekter som beh\u00f6ver n\u00e4mnas, som s\u00e4tter polisarbetet i ett annat ljus.<\/p>\n\n\n\n<p class=\"wp-block-paragraph\"><strong>Mannen som talade med s\u00e4lar<\/strong><\/p>\n\n\n\n<p class=\"wp-block-paragraph\">Landsfogde B\u00f6rje Holmgren, som ansvarade f\u00f6r utredningen, kopplade tidigt in  fil. lic. Valdemar Fellenius som &#8221;psykologexpert&#8221; och &#8221;specialist p\u00e5 f\u00f6rh\u00f6r med barn&#8221;.<\/p>\n\n\n\n<p class=\"wp-block-paragraph\">Det sistn\u00e4mnda epitetet kan v\u00e4l, med fallet Kevin i f\u00e4rskt minne, f\u00e5 vem som helst att rysa.<\/p>\n\n\n\n<p class=\"wp-block-paragraph\">F\u00f6r efterv\u00e4rlden \u00e4r Fellenius mest k\u00e4nd f\u00f6r att han under andra v\u00e4rldskriget f\u00f6rs\u00f6kte tr\u00e4na s\u00e4lar att leta ub\u00e5tar.<\/p>\n\n\n\n<p class=\"wp-block-paragraph\">Syftet i det h\u00e4r fallet var att systrarna Inga och Greta skulle vallas tillsammans med &#8221;farbror Valle&#8221; som hade &#8221;en sp\u00e4nnande l\u00e5da med sig med lampor, knappar och moj\u00e4nger&#8221;.<\/p>\n\n\n\n<p class=\"wp-block-paragraph\">Fellenius skulle \u00e4ven h\u00e5lla f\u00f6rh\u00f6r med flickorna f\u00f6r att &#8221;snarast m\u00f6jligt fria eller f\u00e4lla&#8221;.<\/p>\n\n\n\n<p class=\"wp-block-paragraph\"><strong>L\u00f6gndetektorn<\/strong><\/p>\n\n\n\n<p class=\"wp-block-paragraph\">Landsfogde B\u00f6rje Holmgren f\u00f6rbj\u00f6d de tillstr\u00f6mmande journalisterna att n\u00e4rvara vid vallningen. I geng\u00e4ld lovade han att komma med &#8221;positiva nyheter&#8221; vid en presskonferens samma kv\u00e4ll.<\/p>\n\n\n\n<p class=\"wp-block-paragraph\">H\u00e4r var det br\u00e5ttom, f\u00f6rstod man.<\/p>\n\n\n\n<p class=\"wp-block-paragraph\">I f\u00f6rh\u00f6ret med 9-\u00e5riga Greta plockade Fellenius fram en apparat som skulle f\u00f6rest\u00e4lla en l\u00f6gndetektor. Han p\u00e5stod att en lampa lyste r\u00f6tt varje g\u00e5ng hon lj\u00f6g, och utifr\u00e5n Gretas stora intresse f\u00f6r lampan n\u00e4r k\u00e4nsliga fr\u00e5gor kom p\u00e5 tal, drog han slutsatsen att hon for med osanning.<\/p>\n\n\n\n<p class=\"wp-block-paragraph\">Med &#8221;l\u00f6gndetektorn&#8221; som argument fick han henne snart att ber\u00e4tta livligt om hur hon och hennes syster hade tagit med sig Tore \u00f6ver ett dike till mordplatsen.<\/p>\n\n\n\n<p class=\"wp-block-paragraph\"><strong>Kritik mot utredningen<\/strong><\/p>\n\n\n\n<p class=\"wp-block-paragraph\"><a href=\"https:\/\/svjt.se\/svjt\/1949\/682\">I ett inl\u00e4gg<\/a> i Svensk Juristtidning (1949, s 682) ifr\u00e5gas\u00e4tter Sven Ersman, <a href=\"https:\/\/runeberg.org\/vemardet\/1985\/0313.html\">som d\u00e5 l\u00e4r ha varit<\/a> fiskal vid Svea hovr\u00e4tt, f\u00f6rh\u00f6rsmetoderna. Att ta till en p\u00e5hittad l\u00f6gndetektor \u00e4r &#8221;uppenbarligen ett s\u00e5dant anv\u00e4ndande av medvetet oriktiga uppgifter, som \u00e4r uttryckligen f\u00f6rbjudet i 23&nbsp;kap. 12 \u00a7 r\u00e4tteg\u00e5ngsbalken&#8221;, framh\u00e5ller Ersman.<\/p>\n\n\n\n<p class=\"wp-block-paragraph\">Att f\u00e5 fram ett erk\u00e4nnande var viktigt f\u00f6r polisen eftersom annan bevisning saknades. Samtidigt h\u00e4ngdes Inga Bj\u00f6rk ut som &#8221;pyromanflickan&#8221; i tidningsreportagen, n\u00e4mner Ersman i samma text. <\/p>\n\n\n\n<p class=\"wp-block-paragraph\">Kan medierna ha eldat p\u00e5 polisens iver att finna en snabb l\u00f6sning?<\/p>\n\n\n\n<p class=\"wp-block-paragraph\">Man kommer os\u00f6kt att t\u00e4nka p\u00e5 utredningen av mordet p\u00e5 Catrine da Costa, ett fall som r\u00f6nt ny uppm\u00e4rksamhet <a href=\"https:\/\/www.svtplay.se\/dokument-inifran-det-svenska-styckmordet\">genom Dan Josefssons SVT-dokument\u00e4r<\/a>.<\/p>\n\n\n\n<p class=\"wp-block-paragraph\"><strong>Epilog<\/strong><\/p>\n\n\n\n<p class=\"wp-block-paragraph\">Kapitlet om den h\u00e4r mordhistorien b\u00e4r pr\u00e4gel av det 50-tal i vilket det skrevs. F\u00f6rfattaren gottar sig i Inga Bj\u00f6rks sexuella erfarenheter men ifr\u00e5gas\u00e4tter henne eftersom en gynekologisk unders\u00f6kning visat &#8221;att hon fortfarande var or\u00f6rd&#8221;.<\/p>\n\n\n\n<p class=\"wp-block-paragraph\">N\u00e5got vi i dag vet att ingen gynekologisk unders\u00f6kning kan bevisa.<\/p>\n\n\n\n<p class=\"wp-block-paragraph\">Ber\u00e4ttelsen l\u00e4mnar kvar en stor sorg f\u00f6r Tore Anderssons skull, och tvivel inf\u00f6r de metoder som anv\u00e4ndes f\u00f6r att tvinga fram de b\u00e5da systrarnas erk\u00e4nnande.<\/p>\n","protected":false},"excerpt":{"rendered":"<p>En utredning med fr\u00e5getecken? I tidningsarkivet hittade jag nyligen n\u00e5gra obehagliga artiklar fr\u00e5n augusti 1949. De handlade om ett mord p\u00e5 den tre\u00e5rige pojken Tore Andersson utanf\u00f6r Borl\u00e4nge. Historien som rullades upp var att en \u00e4ldre flicka hade tagit livet av honom i skogen och erk\u00e4nt g\u00e4rningen efter n\u00e5gra dagar. Nyfiken p\u00e5 fallet kom jag [&hellip;]<\/p>\n","protected":false},"author":42965754,"featured_media":0,"comment_status":"open","ping_status":"open","sticky":false,"template":"","format":"standard","meta":{"_coblocks_attr":"","_coblocks_dimensions":"","_coblocks_responsive_height":"","_coblocks_accordion_ie_support":"","advanced_seo_description":"","jetpack_seo_html_title":"","jetpack_seo_noindex":false,"jetpack_seo_schema_type":"","_jetpack_newsletter_access":"","_jetpack_dont_email_post_to_subs":false,"_jetpack_newsletter_tier_id":0,"_jetpack_memberships_contains_paywalled_content":false,"_wpcom_ai_launchpad_first_post":false,"_jetpack_feature_clip_id":0,"_jetpack_memberships_contains_paid_content":false,"footnotes":"","jetpack_publicize_message":"","jetpack_publicize_feature_enabled":true,"jetpack_social_post_already_shared":false,"jetpack_social_options":{"image_generator_settings":{"template":"highway","default_image_id":0,"font":"","enabled":false},"version":2},"jetpack_post_was_ever_published":false},"categories":[29718,171134,32203],"tags":[],"class_list":["post-3421","post","type-post","status-publish","format-standard","hentry","category-bocker","category-journalistik","category-samhalle"],"jetpack_publicize_connections":[],"jetpack_likes_enabled":true,"jetpack_sharing_enabled":true,"jetpack_shortlink":"https:\/\/wp.me\/p4saXQ-Tb","jetpack-related-posts":[],"jetpack_featured_media_url":"","_links":{"self":[{"href":"https:\/\/uttryck.net\/index.php?rest_route=\/wp\/v2\/posts\/3421","targetHints":{"allow":["GET"]}}],"collection":[{"href":"https:\/\/uttryck.net\/index.php?rest_route=\/wp\/v2\/posts"}],"about":[{"href":"https:\/\/uttryck.net\/index.php?rest_route=\/wp\/v2\/types\/post"}],"author":[{"embeddable":true,"href":"https:\/\/uttryck.net\/index.php?rest_route=\/wp\/v2\/users\/42965754"}],"replies":[{"embeddable":true,"href":"https:\/\/uttryck.net\/index.php?rest_route=%2Fwp%2Fv2%2Fcomments&post=3421"}],"version-history":[{"count":25,"href":"https:\/\/uttryck.net\/index.php?rest_route=\/wp\/v2\/posts\/3421\/revisions"}],"predecessor-version":[{"id":3698,"href":"https:\/\/uttryck.net\/index.php?rest_route=\/wp\/v2\/posts\/3421\/revisions\/3698"}],"wp:attachment":[{"href":"https:\/\/uttryck.net\/index.php?rest_route=%2Fwp%2Fv2%2Fmedia&parent=3421"}],"wp:term":[{"taxonomy":"category","embeddable":true,"href":"https:\/\/uttryck.net\/index.php?rest_route=%2Fwp%2Fv2%2Fcategories&post=3421"},{"taxonomy":"post_tag","embeddable":true,"href":"https:\/\/uttryck.net\/index.php?rest_route=%2Fwp%2Fv2%2Ftags&post=3421"}],"curies":[{"name":"wp","href":"https:\/\/api.w.org\/{rel}","templated":true}]}}