{"id":4423,"date":"2025-08-13T14:24:28","date_gmt":"2025-08-13T12:24:28","guid":{"rendered":"http:\/\/uttryck.net\/?p=4423"},"modified":"2025-08-14T12:54:53","modified_gmt":"2025-08-14T10:54:53","slug":"allt-borde-ha-ett-slut","status":"publish","type":"post","link":"https:\/\/uttryck.net\/?p=4423","title":{"rendered":"Allt borde ha ett slut"},"content":{"rendered":"\n<p class=\"wp-block-paragraph\"><strong>Jag f\u00e5r v\u00e4l uttrycka mig p\u00e5 jobbet nu f\u00f6r tiden. Hemma hinner jag inte, f\u00f6r d\u00e4r spelar jag dragspel n\u00e4r tiden r\u00e4cker till, och vid midnatt slocknar jag i s\u00e4ngen utan att k\u00e4nna mig redo f\u00f6r \u00e4nnu en dag.<\/strong><\/p>\n\n\n\n<p class=\"wp-block-paragraph\">Jag skulle ber\u00e4tta hur jag hamnade p\u00e5 den h\u00e4r terminalen, och hur min tillvaro r\u00e5kade utforma sig s\u00e5 h\u00e4r. Jag f\u00f6rst\u00e5r det r\u00e4tt bra nu n\u00e4r jag har l\u00e4rt mig mer om min h\u00f6gk\u00e4nslighet, som jag tydligen delar med 20 procent av befolkningen, fast jag tvivlar p\u00e5 att mer \u00e4n en br\u00e5kdel av dem pr\u00e4glas lika djupt av det.<\/p>\n\n\n\n<p class=\"wp-block-paragraph\">Men det finns ocks\u00e5 annat som beh\u00f6ver komma p\u00e5 pr\u00e4nt, tankar om vardagens trivialiteter, och detta har oftast f\u00f6retr\u00e4de om \u00e4n det l\u00e5ter bakv\u00e4nt. Det lilla konkurrerar ut det stora p\u00e5 n\u00e5got s\u00e4tt.<\/p>\n\n\n\n<figure class=\"wp-block-image size-large\"><img data-recalc-dims=\"1\" loading=\"lazy\" decoding=\"async\" width=\"1536\" height=\"1024\" data-attachment-id=\"4558\" data-permalink=\"https:\/\/uttryck.net\/?attachment_id=4558\" data-orig-file=\"https:\/\/i0.wp.com\/uttryck.net\/wp-content\/uploads\/2025\/08\/f52c79c7-cb3f-4db2-9ba7-f04610caa219.png?fit=1536%2C1024&amp;ssl=1\" data-orig-size=\"1536,1024\" data-comments-opened=\"1\" data-image-meta=\"{&quot;aperture&quot;:&quot;0&quot;,&quot;credit&quot;:&quot;&quot;,&quot;camera&quot;:&quot;&quot;,&quot;caption&quot;:&quot;&quot;,&quot;created_timestamp&quot;:&quot;0&quot;,&quot;copyright&quot;:&quot;&quot;,&quot;focal_length&quot;:&quot;0&quot;,&quot;iso&quot;:&quot;0&quot;,&quot;shutter_speed&quot;:&quot;0&quot;,&quot;title&quot;:&quot;&quot;,&quot;orientation&quot;:&quot;0&quot;}\" data-image-title=\"f52c79c7-cb3f-4db2-9ba7-f04610caa219\" data-image-description=\"\" data-image-caption=\"\" data-large-file=\"https:\/\/i0.wp.com\/uttryck.net\/wp-content\/uploads\/2025\/08\/f52c79c7-cb3f-4db2-9ba7-f04610caa219.png?fit=1024%2C683&amp;ssl=1\" src=\"https:\/\/i0.wp.com\/uttryck.net\/wp-content\/uploads\/2025\/08\/f52c79c7-cb3f-4db2-9ba7-f04610caa219.png?resize=1536%2C1024&#038;ssl=1\" alt=\"\" class=\"wp-image-4558\" \/><figcaption class=\"wp-element-caption\">Min fyra\u00e5ring s\u00e4ger sig ha sett en l\u00e4skig kvinna. Signalement: &#8221;Lila tr\u00f6ja, viftar med h\u00e4nder, j\u00e4ttem\u00e5nga t\u00e4nder.&#8221; (Skiss: ChatGPT.)<\/figcaption><\/figure>\n\n\n\n<p class=\"wp-block-paragraph\">Jag gl\u00f6mmer mina arbetsuppgifter emellan\u00e5t, gl\u00f6mmer att p\u00e5minna en kollega som ska laga en trasig maskin. Dagen d\u00e4rp\u00e5 har han gjort det \u00e4nd\u00e5, och buntbanden kan \u00e5ter surras kring paketen som vi packar i v\u00e5rt lilla rum. Mejlen i inkorgen \u00e4r inte m\u00e5nga och de flesta har Marcus redan l\u00e4st innan jag uppt\u00e4cker dem.<\/p>\n\n\n\n<p class=\"wp-block-paragraph\">Kanske \u00e4r det som min v\u00e4n fr\u00e5n spr\u00e5kutbildningen sa: &#8221;Du har det f\u00f6r bra, det \u00e4r d\u00e4rf\u00f6r du har fastnat.&#8221;<\/p>\n\n\n\n<p class=\"wp-block-paragraph\">Men det \u00e4r inte bra att d\u00f6 inombords. Min kropp kommer att lukta av ruttnande k\u00f6tt.<\/p>\n\n\n\n<p class=\"wp-block-paragraph\">Att f\u00e4rre kvinnor skaffar barn, vilket har debatterats r\u00e4tt flitigt det senaste halv\u00e5ret, k\u00e4nns sunt med tanke p\u00e5 omst\u00e4ndigheterna. Jag vill tro att det \u00e4r en reaktion mot m\u00e4nsklighetens beslut att k\u00f6ra oss r\u00e4tt ner i avgrunden.<\/p>\n\n\n\n<p class=\"wp-block-paragraph\">&#8221;Jag tror inte att folk pl\u00f6tsligt inte vill ha barn l\u00e4ngre. Det har nog att g\u00f6ra med hur v\u00e4rlden ser ut i dag med alla klimatproblem och alla krig och allt som p\u00e5g\u00e5r&#8221;, <a href=\"https:\/\/www.dn.se\/sverige\/allt-fler-forskolor-stanger-nar-barnafodandet-gar-ner\/\">s\u00e4ger till exempel f\u00f6rskoll\u00e4raren Stella Pereira<\/a> till DN.<\/p>\n\n\n\n<p class=\"wp-block-paragraph\">Kan de inskr\u00e4nkta gubbarnas v\u00e4lde f\u00e5 ett slut p\u00e5 detta s\u00e4tt, genom en kvinnlig protest? Som ett alternativ till den sexstrejk som Aristofanes beskrev i <em>Lysistrate<\/em> \u00e5r 411 f. Kr?<\/p>\n\n\n\n<p class=\"wp-block-paragraph\">Det finns v\u00e4l inte mycket hopp om att artificiell intelligens ska g\u00f6ra v\u00e4rlden b\u00e4ttre, \u00e4ven om det \u00e4r en m\u00f6jlig v\u00e4g att g\u00e5. Men medan orosmolnen hopar sig f\u00e5r ChatGPT \u00e4nnu vara ett bollplank och en tr\u00f6st, om \u00e4n det d\u00f6ljer sig ett monster inuti den smickrande f\u00f6rpackningen. <\/p>\n\n\n\n<p class=\"wp-block-paragraph\">F\u00f6r min egen del hoppas jag att det kommande decenniet ska g\u00e5 i uppriktighetens tecken. Jag vill f\u00e5 leva p\u00e5 ett s\u00e4tt som passar mig sj\u00e4lv, efter att ha \u00e4gnat de f\u00f6rsta vuxen\u00e5ren \u00e5t ett vilset s\u00f6kande och de andra \u00e5t allt som beh\u00f6vde bli gjort.<\/p>\n\n\n\n<figure class=\"wp-block-image size-large\"><img data-recalc-dims=\"1\" loading=\"lazy\" decoding=\"async\" width=\"2000\" height=\"1500\" data-attachment-id=\"4552\" data-permalink=\"https:\/\/uttryck.net\/?attachment_id=4552\" data-orig-file=\"https:\/\/i0.wp.com\/uttryck.net\/wp-content\/uploads\/2025\/08\/img_4191.jpg?fit=2000%2C1500&amp;ssl=1\" data-orig-size=\"2000,1500\" data-comments-opened=\"1\" data-image-meta=\"{&quot;aperture&quot;:&quot;1.6&quot;,&quot;credit&quot;:&quot;&quot;,&quot;camera&quot;:&quot;iPhone 12&quot;,&quot;caption&quot;:&quot;&quot;,&quot;created_timestamp&quot;:&quot;1755032666&quot;,&quot;copyright&quot;:&quot;&quot;,&quot;focal_length&quot;:&quot;4.2&quot;,&quot;iso&quot;:&quot;500&quot;,&quot;shutter_speed&quot;:&quot;0.016666666666667&quot;,&quot;title&quot;:&quot;&quot;,&quot;orientation&quot;:&quot;1&quot;}\" data-image-title=\"img_4191\" data-image-description=\"\" data-image-caption=\"\" data-large-file=\"https:\/\/i0.wp.com\/uttryck.net\/wp-content\/uploads\/2025\/08\/img_4191.jpg?fit=1024%2C768&amp;ssl=1\" src=\"https:\/\/i0.wp.com\/uttryck.net\/wp-content\/uploads\/2025\/08\/img_4191.jpg?resize=2000%2C1500&#038;ssl=1\" alt=\"\" class=\"wp-image-4552\" \/><figcaption class=\"wp-element-caption\">P\u00e5 l\u00f6pturerna f\u00f6rs\u00f6ker jag inte l\u00e4ngre springa s\u00e5 fort som m\u00f6jligt. Jag kan lika g\u00e4rna stanna upp och till\u00e5ta en blick \u00f6ver de sk\u00f6rdade f\u00e4lten.<\/figcaption><\/figure>\n","protected":false},"excerpt":{"rendered":"<p>Jag f\u00e5r v\u00e4l uttrycka mig p\u00e5 jobbet nu f\u00f6r tiden. Hemma hinner jag inte, f\u00f6r d\u00e4r spelar jag dragspel n\u00e4r tiden r\u00e4cker till, och vid midnatt slocknar jag i s\u00e4ngen utan att k\u00e4nna mig redo f\u00f6r \u00e4nnu en dag. Jag skulle ber\u00e4tta hur jag hamnade p\u00e5 den h\u00e4r terminalen, och hur min tillvaro r\u00e5kade utforma [&hellip;]<\/p>\n","protected":false},"author":42965754,"featured_media":0,"comment_status":"open","ping_status":"open","sticky":false,"template":"","format":"standard","meta":{"_coblocks_attr":"","_coblocks_dimensions":"","_coblocks_responsive_height":"","_coblocks_accordion_ie_support":"","advanced_seo_description":"","jetpack_seo_html_title":"","jetpack_seo_noindex":false,"jetpack_seo_schema_type":"","_jetpack_newsletter_access":"","_jetpack_dont_email_post_to_subs":false,"_jetpack_newsletter_tier_id":0,"_jetpack_memberships_contains_paywalled_content":false,"_wpcom_ai_launchpad_first_post":false,"_jetpack_feature_clip_id":0,"_jetpack_memberships_contains_paid_content":false,"footnotes":"","jetpack_publicize_message":"","jetpack_publicize_feature_enabled":true,"jetpack_social_post_already_shared":false,"jetpack_social_options":{"image_generator_settings":{"template":"highway","default_image_id":0,"font":"","enabled":false},"version":2},"jetpack_post_was_ever_published":false},"categories":[17939,32203,36671],"tags":[],"class_list":["post-4423","post","type-post","status-publish","format-standard","hentry","category-jobb","category-samhalle","category-vardag"],"jetpack_publicize_connections":[],"jetpack_likes_enabled":true,"jetpack_sharing_enabled":true,"jetpack_shortlink":"https:\/\/wp.me\/p4saXQ-19l","jetpack-related-posts":[],"jetpack_featured_media_url":"","_links":{"self":[{"href":"https:\/\/uttryck.net\/index.php?rest_route=\/wp\/v2\/posts\/4423","targetHints":{"allow":["GET"]}}],"collection":[{"href":"https:\/\/uttryck.net\/index.php?rest_route=\/wp\/v2\/posts"}],"about":[{"href":"https:\/\/uttryck.net\/index.php?rest_route=\/wp\/v2\/types\/post"}],"author":[{"embeddable":true,"href":"https:\/\/uttryck.net\/index.php?rest_route=\/wp\/v2\/users\/42965754"}],"replies":[{"embeddable":true,"href":"https:\/\/uttryck.net\/index.php?rest_route=%2Fwp%2Fv2%2Fcomments&post=4423"}],"version-history":[{"count":25,"href":"https:\/\/uttryck.net\/index.php?rest_route=\/wp\/v2\/posts\/4423\/revisions"}],"predecessor-version":[{"id":4567,"href":"https:\/\/uttryck.net\/index.php?rest_route=\/wp\/v2\/posts\/4423\/revisions\/4567"}],"wp:attachment":[{"href":"https:\/\/uttryck.net\/index.php?rest_route=%2Fwp%2Fv2%2Fmedia&parent=4423"}],"wp:term":[{"taxonomy":"category","embeddable":true,"href":"https:\/\/uttryck.net\/index.php?rest_route=%2Fwp%2Fv2%2Fcategories&post=4423"},{"taxonomy":"post_tag","embeddable":true,"href":"https:\/\/uttryck.net\/index.php?rest_route=%2Fwp%2Fv2%2Ftags&post=4423"}],"curies":[{"name":"wp","href":"https:\/\/api.w.org\/{rel}","templated":true}]}}