{"id":4429,"date":"2025-04-22T22:48:16","date_gmt":"2025-04-22T20:48:16","guid":{"rendered":"http:\/\/uttryck.net\/?p=4429"},"modified":"2025-04-22T22:48:16","modified_gmt":"2025-04-22T20:48:16","slug":"nu-ar-det-vi-som-maste-bara-henne","status":"publish","type":"post","link":"https:\/\/uttryck.net\/?p=4429","title":{"rendered":"Nu \u00e4r det vi som m\u00e5ste b\u00e4ra henne"},"content":{"rendered":"\n<p class=\"wp-block-paragraph\"><strong>&#8221;Vasa \u00e4r en nationalistisk symbol, vi visste att &#8217;det d\u00e4r kommer att ta skruv&#8217; \u2013 och det gjorde det&#8221;, <a href=\"https:\/\/www.aftonbladet.se\/nyheter\/a\/5E4PA1\/klimataktion-pa-vasaskeppet-kanslomassigt-jobbigt\">sa Pontus Bergendahl till Aftonbladet<\/a> om sk\u00e4let till att han och en annan aktivist fr\u00e5n \u00c5terst\u00e4ll V\u00e5tmarker tr\u00e4ngde sig ombord p\u00e5 Regalskeppet Vasa h\u00e4romveckan<\/strong>.<\/p>\n\n\n\n<p class=\"wp-block-paragraph\">Visst har tilltaget v\u00e4ckt uppm\u00e4rksamhet i medierna och gjort m\u00e4nniskor arga. Men det p\u00e5minner mig ocks\u00e5 om ett utskick som jag fick fr\u00e5n Republikanska f\u00f6reningen en g\u00e5ng, n\u00e4r de hade grubblat och grubblat p\u00e5 hur de skulle g\u00f6ra reklam f\u00f6r sig och kommit fram till:<\/p>\n\n\n\n<p class=\"wp-block-paragraph\">Vi k\u00f6r en helsidesannons i en svensk dagstidning!<\/p>\n\n\n\n<p class=\"wp-block-paragraph\">Suck, t\u00e4nkte jag f\u00f6r mig sj\u00e4lv.<\/p>\n\n\n\n<p class=\"wp-block-paragraph\">Det som klimatr\u00f6relsen har gemensamt med Republikanska f\u00f6reningen \u00e4r de goda argumenten. Det <em>\u00e4r<\/em> idiotiskt att statschefens \u00e4mbete g\u00e5r i arv, och det <em>\u00e4r<\/em> idiotiskt att f\u00f6rst\u00f6ra den enda planet vi har att bo p\u00e5. Men var finns fantasin och \u00f6vertalningsf\u00f6rm\u00e5gan?<\/p>\n\n\n\n<p class=\"wp-block-paragraph\">Efter den varma och torra sommaren 2018, som borde ha skr\u00e4mt slag p\u00e5 vilken klimatskeptiker som helst, r\u00f6stade fler svenskar p\u00e5 Kristdemokraternas &#8221;h\u00e5rda tag&#8221; \u00e4n p\u00e5 Milj\u00f6partiet. Likas\u00e5 fyra \u00e5r senare, n\u00e4r Ebba Busch hade viftat klart med sin falukorv. Verklighetens folk \u00e4r inga naturbarn, det ska gudarna veta.<\/p>\n\n\n\n<p class=\"wp-block-paragraph\">S\u00e5 skogarna forts\u00e4tter att brinna.<\/p>\n\n\n\n<p class=\"wp-block-paragraph\">\u00c4r d\u00e5 detta verkligen det b\u00e4sta vi \u2013 eller r\u00e4ttare sagt de som \u00e5tminstone <em>g\u00f6r<\/em> n\u00e5t \u2013 kan hitta p\u00e5? Att surra fast sig vid masten p\u00e5 ett gammalt vrak? Blotta tanken g\u00f6r mig sj\u00f6sjuk.<\/p>\n\n\n\n<p class=\"wp-block-paragraph\">Vasamuseets svar p\u00e5 v\u00e5tmarksaktivisternas aktion var <a href=\"https:\/\/www.instagram.com\/p\/DIgoMSTMPUH\/?igsh=dHJ4emozOXZnMzRr\">ett poetiskt Instagram-inl\u00e4gg<\/a>, som inte l\u00e4mnade ett \u00f6ga torrt.<\/p>\n\n\n\n<p class=\"wp-block-paragraph\">H\u00e4r \u00e4r ett utdrag:<\/p>\n\n\n\n<blockquote class=\"wp-block-quote is-layout-flow wp-block-quote-is-layout-flow\">\n<p class=\"wp-block-paragraph\">Att kliva ombord p\u00e5 Vasa kan uts\u00e4tta henne f\u00f6r skador som inte kan repareras. Hennes tr\u00e4 \u00e4r oerh\u00f6rt sk\u00f6rt \u2013 varje steg, varje ber\u00f6ring riskerar att g\u00f6ra o\u00e5terkallelig skada. Hon \u00e4r inte byggd f\u00f6r att b\u00e4ra oss l\u00e4ngre.<\/p>\n\n\n\n<p class=\"wp-block-paragraph\">Nu \u00e4r det vi som m\u00e5ste b\u00e4ra henne, genom v\u00f6rdnad och varsamhet.<\/p>\n<\/blockquote>\n\n\n\n<p class=\"wp-block-paragraph\">Vackert formulerat! Men \u00e4r inte Vasa en metafor f\u00f6r n\u00e5got annat? Moder Jord, kanske?<\/p>\n\n\n\n<p class=\"wp-block-paragraph\">Menar de att vi borde v\u00e4rna v\u00e5rt jordklot p\u00e5 samma s\u00e4tt som vi v\u00e4rnar v\u00e5ra nationalklenoder?<\/p>\n\n\n\n<p class=\"wp-block-paragraph\">D\u00f6m sj\u00e4lva av inl\u00e4ggets t\u00e4nkv\u00e4rda slutstycke:<\/p>\n\n\n\n<blockquote class=\"wp-block-quote is-layout-flow wp-block-quote-is-layout-flow\">\n<p class=\"wp-block-paragraph\">Vasa \u00e4r en del av v\u00e5r historia. Hon tillh\u00f6r oss alla. Och vi har ett gemensamt ansvar att skydda henne.<\/p>\n<\/blockquote>\n","protected":false},"excerpt":{"rendered":"<p>&#8221;Vasa \u00e4r en nationalistisk symbol, vi visste att &#8217;det d\u00e4r kommer att ta skruv&#8217; \u2013 och det gjorde det&#8221;, sa Pontus Bergendahl till Aftonbladet om sk\u00e4let till att han och en annan aktivist fr\u00e5n \u00c5terst\u00e4ll V\u00e5tmarker tr\u00e4ngde sig ombord p\u00e5 Regalskeppet Vasa h\u00e4romveckan. Visst har tilltaget v\u00e4ckt uppm\u00e4rksamhet i medierna och gjort m\u00e4nniskor arga. Men [&hellip;]<\/p>\n","protected":false},"author":42965754,"featured_media":4453,"comment_status":"open","ping_status":"open","sticky":false,"template":"","format":"standard","meta":{"_coblocks_attr":"","_coblocks_dimensions":"","_coblocks_responsive_height":"","_coblocks_accordion_ie_support":"","advanced_seo_description":"","jetpack_seo_html_title":"","jetpack_seo_noindex":false,"jetpack_seo_schema_type":"","_jetpack_newsletter_access":"","_jetpack_dont_email_post_to_subs":false,"_jetpack_newsletter_tier_id":0,"_jetpack_memberships_contains_paywalled_content":false,"_wpcom_ai_launchpad_first_post":false,"_jetpack_feature_clip_id":0,"_jetpack_memberships_contains_paid_content":false,"footnotes":"","jetpack_publicize_message":"","jetpack_publicize_feature_enabled":true,"jetpack_social_post_already_shared":false,"jetpack_social_options":{"image_generator_settings":{"template":"highway","default_image_id":0,"font":"","enabled":false},"version":2},"jetpack_post_was_ever_published":false},"categories":[779460421,6861,32203],"tags":[],"class_list":["post-4429","post","type-post","status-publish","format-standard","has-post-thumbnail","hentry","category-klimat-samhalle","category-politik","category-samhalle"],"jetpack_publicize_connections":[],"jetpack_likes_enabled":true,"jetpack_sharing_enabled":true,"jetpack_shortlink":"https:\/\/wp.me\/p4saXQ-19r","jetpack-related-posts":[],"jetpack_featured_media_url":"https:\/\/i0.wp.com\/uttryck.net\/wp-content\/uploads\/2025\/04\/b81b87dd-c452-49a4-9ac1-2874181b65d2-1.png?fit=1024%2C1024&ssl=1","_links":{"self":[{"href":"https:\/\/uttryck.net\/index.php?rest_route=\/wp\/v2\/posts\/4429","targetHints":{"allow":["GET"]}}],"collection":[{"href":"https:\/\/uttryck.net\/index.php?rest_route=\/wp\/v2\/posts"}],"about":[{"href":"https:\/\/uttryck.net\/index.php?rest_route=\/wp\/v2\/types\/post"}],"author":[{"embeddable":true,"href":"https:\/\/uttryck.net\/index.php?rest_route=\/wp\/v2\/users\/42965754"}],"replies":[{"embeddable":true,"href":"https:\/\/uttryck.net\/index.php?rest_route=%2Fwp%2Fv2%2Fcomments&post=4429"}],"version-history":[{"count":25,"href":"https:\/\/uttryck.net\/index.php?rest_route=\/wp\/v2\/posts\/4429\/revisions"}],"predecessor-version":[{"id":4456,"href":"https:\/\/uttryck.net\/index.php?rest_route=\/wp\/v2\/posts\/4429\/revisions\/4456"}],"wp:featuredmedia":[{"embeddable":true,"href":"https:\/\/uttryck.net\/index.php?rest_route=\/wp\/v2\/media\/4453"}],"wp:attachment":[{"href":"https:\/\/uttryck.net\/index.php?rest_route=%2Fwp%2Fv2%2Fmedia&parent=4429"}],"wp:term":[{"taxonomy":"category","embeddable":true,"href":"https:\/\/uttryck.net\/index.php?rest_route=%2Fwp%2Fv2%2Fcategories&post=4429"},{"taxonomy":"post_tag","embeddable":true,"href":"https:\/\/uttryck.net\/index.php?rest_route=%2Fwp%2Fv2%2Ftags&post=4429"}],"curies":[{"name":"wp","href":"https:\/\/api.w.org\/{rel}","templated":true}]}}