{"id":4478,"date":"2025-07-13T23:33:50","date_gmt":"2025-07-13T21:33:50","guid":{"rendered":"http:\/\/uttryck.net\/?p=4478"},"modified":"2025-07-13T23:33:50","modified_gmt":"2025-07-13T21:33:50","slug":"sega-fingrar-och-sloa-hjarnor","status":"publish","type":"post","link":"https:\/\/uttryck.net\/?p=4478","title":{"rendered":"Sega fingrar och sl\u00f6a hj\u00e4rnor"},"content":{"rendered":"\n<p class=\"wp-block-paragraph\">Jag har just b\u00f6rjat l\u00e4sa <em>Hisnande tider<\/em> av Harald J\u00e4hner, en bok som handlar om den tyska Weimarrepubliken och som ofr\u00e5nkomligen st\u00e4ller fr\u00e5gor om det som skulle ske efter nazisternas makt\u00f6vertagande 1933. &#8221;Varf\u00f6r blev tyskarna s\u00e5 d\u00e5liga p\u00e5 att lyssna p\u00e5 varandra, varf\u00f6r betraktade de riksdagsdebatterna som politiskt k\u00e4bbel och tidningarna som rapporterade om det som den l\u00f6gnaktiga pressen&#8221;, fr\u00e5gar sig J\u00e4hner.<\/p>\n\n\n\n<p class=\"wp-block-paragraph\">M\u00e5nga har st\u00e4llt sig den fr\u00e5gan, och m\u00e5nga \u2013 \u00e4ven jag \u2013 undrar varf\u00f6r dagens amerikaner g\u00f6r likadant. Fr\u00e5gan \u00e4r sv\u00e5r att besvara p\u00e5 annat s\u00e4tt \u00e4n att m\u00e4nniskan i genomsnitt \u00e4r irrationell, ologisk, dum i huvudet. Det \u00e4r ett obekv\u00e4mt svar som sk\u00e4nker f\u00f6ga hopp om f\u00f6rb\u00e4ttring. \u00c4nd\u00e5 tror jag att det \u00e4r d\u00e4r det landar.<\/p>\n\n\n\n<p class=\"wp-block-paragraph\">Fast det \u00e4r ju <em>ocks\u00e5<\/em> en torftig analys.<\/p>\n\n\n\n<p class=\"wp-block-paragraph\"><strong>Man f\u00f6rst\u00e5r<\/strong> att det \u00e4r semestertider p\u00e5 DN n\u00e4r de <a href=\"https:\/\/www.dn.se\/varlden\/sa-okar-risken-med-alkohol-ju-aldre-du-blir\/\">l\u00e5nar in en artikel<\/a> fr\u00e5n New York Times om \u00e4ldres alkoholvanor, allm\u00e4nt h\u00e5llen utifr\u00e5n amerikanska f\u00f6rh\u00e5llanden, renons p\u00e5 nyhetsv\u00e4rde, med platta eller m\u00e4rkliga resonemang framf\u00f6rda av en konturl\u00f6s Dr. Sacco:<\/p>\n\n\n\n<blockquote class=\"wp-block-quote is-layout-flow wp-block-quote-is-layout-flow\">\n<p class=\"wp-block-paragraph\">Efter decennier av motstridiga budskap om alkoholens h\u00e4lsofaror och f\u00f6rdelar visar nyare studier tydligt att ingen m\u00e4ngd alkohol \u00e4r bra f\u00f6r dig. Samtidigt konstaterar Dr. Sacco att \u201dalkohol har betydelse f\u00f6r m\u00e4nniskor\u201d, och om man ska dra ner eller sluta helt \u201d\u00e4r ett beslut du m\u00e5ste fatta i samr\u00e5d med din l\u00e4kare och dina n\u00e4rst\u00e5ende\u201d.<\/p>\n<\/blockquote>\n\n\n\n<p class=\"wp-block-paragraph\">Kan man inte f\u00e5 fatta beslut om sitt drickande sj\u00e4lv, Dr. Sacco? Och kan du f\u00f6rklara varf\u00f6r alla journalister g\u00e5r p\u00e5 semester n\u00e4r man \u00e4ntligen har tid att l\u00e4sa tidningen?<\/p>\n\n\n\n<p class=\"wp-block-paragraph\"><strong>Som v\u00e4nsterh\u00e4nt<\/strong> musiker lider jag av att min h\u00f6gra hand beter sig som den fattiga kusinen fr\u00e5n landet. Den \u00e4r inte alls med p\u00e5 noterna n\u00e4r jag vill spela Balkan-musik i h\u00f6gt tempo p\u00e5 mitt dragspel. Eller <em>var<\/em>, kanske jag ska s\u00e4ga. \u00d6vning ger f\u00e4rdighet, n\u00e4r allt kommer omkring, och det b\u00f6rjar likna n\u00e5got. I b\u00e4sta fall kan det bli en liten inspelning under sensommaren.<\/p>\n","protected":false},"excerpt":{"rendered":"<p>Jag har just b\u00f6rjat l\u00e4sa Hisnande tider av Harald J\u00e4hner, en bok som handlar om den tyska Weimarrepubliken och som ofr\u00e5nkomligen st\u00e4ller fr\u00e5gor om det som skulle ske efter nazisternas makt\u00f6vertagande 1933. &#8221;Varf\u00f6r blev tyskarna s\u00e5 d\u00e5liga p\u00e5 att lyssna p\u00e5 varandra, varf\u00f6r betraktade de riksdagsdebatterna som politiskt k\u00e4bbel och tidningarna som rapporterade om det [&hellip;]<\/p>\n","protected":false},"author":42965754,"featured_media":0,"comment_status":"open","ping_status":"open","sticky":false,"template":"","format":"standard","meta":{"_coblocks_attr":"","_coblocks_dimensions":"","_coblocks_responsive_height":"","_coblocks_accordion_ie_support":"","advanced_seo_description":"","jetpack_seo_html_title":"","jetpack_seo_noindex":false,"jetpack_seo_schema_type":"","_jetpack_newsletter_access":"","_jetpack_dont_email_post_to_subs":false,"_jetpack_newsletter_tier_id":0,"_jetpack_memberships_contains_paywalled_content":false,"_wpcom_ai_launchpad_first_post":false,"_jetpack_feature_clip_id":0,"_jetpack_memberships_contains_paid_content":false,"footnotes":"","jetpack_publicize_message":"","jetpack_publicize_feature_enabled":true,"jetpack_social_post_already_shared":false,"jetpack_social_options":{"image_generator_settings":{"template":"highway","default_image_id":0,"font":"","enabled":false},"version":2},"jetpack_post_was_ever_published":false},"categories":[29718,171134,32203,36671],"tags":[],"class_list":["post-4478","post","type-post","status-publish","format-standard","hentry","category-bocker","category-journalistik","category-samhalle","category-vardag"],"jetpack_publicize_connections":[],"jetpack_likes_enabled":true,"jetpack_sharing_enabled":true,"jetpack_shortlink":"https:\/\/wp.me\/p4saXQ-1ae","jetpack-related-posts":[],"jetpack_featured_media_url":"","_links":{"self":[{"href":"https:\/\/uttryck.net\/index.php?rest_route=\/wp\/v2\/posts\/4478","targetHints":{"allow":["GET"]}}],"collection":[{"href":"https:\/\/uttryck.net\/index.php?rest_route=\/wp\/v2\/posts"}],"about":[{"href":"https:\/\/uttryck.net\/index.php?rest_route=\/wp\/v2\/types\/post"}],"author":[{"embeddable":true,"href":"https:\/\/uttryck.net\/index.php?rest_route=\/wp\/v2\/users\/42965754"}],"replies":[{"embeddable":true,"href":"https:\/\/uttryck.net\/index.php?rest_route=%2Fwp%2Fv2%2Fcomments&post=4478"}],"version-history":[{"count":25,"href":"https:\/\/uttryck.net\/index.php?rest_route=\/wp\/v2\/posts\/4478\/revisions"}],"predecessor-version":[{"id":4518,"href":"https:\/\/uttryck.net\/index.php?rest_route=\/wp\/v2\/posts\/4478\/revisions\/4518"}],"wp:attachment":[{"href":"https:\/\/uttryck.net\/index.php?rest_route=%2Fwp%2Fv2%2Fmedia&parent=4478"}],"wp:term":[{"taxonomy":"category","embeddable":true,"href":"https:\/\/uttryck.net\/index.php?rest_route=%2Fwp%2Fv2%2Fcategories&post=4478"},{"taxonomy":"post_tag","embeddable":true,"href":"https:\/\/uttryck.net\/index.php?rest_route=%2Fwp%2Fv2%2Ftags&post=4478"}],"curies":[{"name":"wp","href":"https:\/\/api.w.org\/{rel}","templated":true}]}}