{"id":4908,"date":"2025-09-08T22:53:52","date_gmt":"2025-09-08T20:53:52","guid":{"rendered":"http:\/\/uttryck.net\/?p=4908"},"modified":"2025-09-08T22:53:52","modified_gmt":"2025-09-08T20:53:52","slug":"grannarnas-beslut","status":"publish","type":"post","link":"https:\/\/uttryck.net\/?p=4908","title":{"rendered":"Grannarnas beslut"},"content":{"rendered":"\n<figure class=\"wp-block-image size-large\"><img data-recalc-dims=\"1\" loading=\"lazy\" decoding=\"async\" width=\"1024\" height=\"1024\" data-attachment-id=\"4921\" data-permalink=\"https:\/\/uttryck.net\/?attachment_id=4921\" data-orig-file=\"https:\/\/i0.wp.com\/uttryck.net\/wp-content\/uploads\/2025\/09\/dc60dab3-5c7f-4ecf-bd97-5886473fc99a.png?fit=1024%2C1024&amp;ssl=1\" data-orig-size=\"1024,1024\" data-comments-opened=\"1\" data-image-meta=\"{&quot;aperture&quot;:&quot;0&quot;,&quot;credit&quot;:&quot;&quot;,&quot;camera&quot;:&quot;&quot;,&quot;caption&quot;:&quot;&quot;,&quot;created_timestamp&quot;:&quot;0&quot;,&quot;copyright&quot;:&quot;&quot;,&quot;focal_length&quot;:&quot;0&quot;,&quot;iso&quot;:&quot;0&quot;,&quot;shutter_speed&quot;:&quot;0&quot;,&quot;title&quot;:&quot;&quot;,&quot;orientation&quot;:&quot;0&quot;}\" data-image-title=\"dc60dab3-5c7f-4ecf-bd97-5886473fc99a\" data-image-description=\"\" data-image-caption=\"\" data-large-file=\"https:\/\/i0.wp.com\/uttryck.net\/wp-content\/uploads\/2025\/09\/dc60dab3-5c7f-4ecf-bd97-5886473fc99a.png?fit=1024%2C1024&amp;ssl=1\" src=\"https:\/\/i0.wp.com\/uttryck.net\/wp-content\/uploads\/2025\/09\/dc60dab3-5c7f-4ecf-bd97-5886473fc99a.png?resize=1024%2C1024&#038;ssl=1\" alt=\"\" class=\"wp-image-4921\" \/><figcaption class=\"wp-element-caption\">Hur det kan vara att f\u00f6lja samh\u00e4llsutvecklingen, enligt Open AI.<\/figcaption><\/figure>\n\n\n\n<p class=\"wp-block-paragraph\">Den norska befolkningen verkar ha r\u00f6stat f\u00f6r en r\u00f6dgr\u00f6n regering, och jag lyssnade med l\u00e4ttnad p\u00e5 den norska valvakan medan jag st\u00e4dade badrummet f\u00f6r en stund sedan. Jag slogs av id\u00e9n att rikta all min mediekonsumtion mot norsk public service ett tag fram\u00f6ver, b\u00e5de som omv\u00e4xling och f\u00f6r att norsk samh\u00e4llsanalys kanske \u00e4r klokare \u00e4n svensk. Jag f\u00f6rst\u00e5r ju norska n\u00e4stan lika bra som mitt modersm\u00e5l, s\u00e5 varf\u00f6r inte.<\/p>\n\n\n\n<p class=\"wp-block-paragraph\">Klockan \u00e4r sent p\u00e5 kv\u00e4llen och jag beh\u00f6ver l\u00e4gga mig. De d\u00e4r \u00e5tta timmarnas s\u00f6mn som jag f\u00f6res\u00e4tter mig varje morgon blir s\u00e4llan mer \u00e4n sex eller sju. Dessutom vaknar jag ofta p\u00e5 natten och vrider mig en halvtimme eller tv\u00e5.<\/p>\n\n\n\n<p class=\"wp-block-paragraph\">Nya bud p\u00e5 jobbet om att vi sj\u00e4lva ska lossa ankommande gods \u00f6vertygar mig \u00e4nnu mer om att jag beh\u00f6ver s\u00f6ka mig till n\u00e5got annat. Men det ska i s\u00e5 fall vara till n\u00e5got b\u00e4ttre. Jag vill inte g\u00e5 ur askan i elden.<\/p>\n\n\n\n<p class=\"wp-block-paragraph\">Jag har skrivit det h\u00e4r inl\u00e4gget p\u00e5 min station\u00e4ra dator som jag annars s\u00e4llan anv\u00e4nder. Den har sina f\u00f6rdelar, den ocks\u00e5.<\/p>\n","protected":false},"excerpt":{"rendered":"<p>Den norska befolkningen verkar ha r\u00f6stat f\u00f6r en r\u00f6dgr\u00f6n regering, och jag lyssnade med l\u00e4ttnad p\u00e5 den norska valvakan medan jag st\u00e4dade badrummet f\u00f6r en stund sedan. Jag slogs av id\u00e9n att rikta all min mediekonsumtion mot norsk public service ett tag fram\u00f6ver, b\u00e5de som omv\u00e4xling och f\u00f6r att norsk samh\u00e4llsanalys kanske \u00e4r klokare \u00e4n [&hellip;]<\/p>\n","protected":false},"author":42965754,"featured_media":0,"comment_status":"open","ping_status":"open","sticky":false,"template":"","format":"standard","meta":{"_coblocks_attr":"","_coblocks_dimensions":"","_coblocks_responsive_height":"","_coblocks_accordion_ie_support":"","advanced_seo_description":"","jetpack_seo_html_title":"","jetpack_seo_noindex":false,"jetpack_seo_schema_type":"","_jetpack_newsletter_access":"","_jetpack_dont_email_post_to_subs":false,"_jetpack_newsletter_tier_id":0,"_jetpack_memberships_contains_paywalled_content":false,"_wpcom_ai_launchpad_first_post":false,"_jetpack_feature_clip_id":0,"_jetpack_memberships_contains_paid_content":false,"footnotes":"","jetpack_publicize_message":"","jetpack_publicize_feature_enabled":true,"jetpack_social_post_already_shared":false,"jetpack_social_options":{"image_generator_settings":{"template":"highway","default_image_id":0,"font":"","enabled":false},"version":2},"jetpack_post_was_ever_published":false},"categories":[6861,32203,36671],"tags":[],"class_list":["post-4908","post","type-post","status-publish","format-standard","hentry","category-politik","category-samhalle","category-vardag"],"jetpack_publicize_connections":[],"jetpack_likes_enabled":true,"jetpack_sharing_enabled":true,"jetpack_shortlink":"https:\/\/wp.me\/p4saXQ-1ha","jetpack-related-posts":[],"jetpack_featured_media_url":"","_links":{"self":[{"href":"https:\/\/uttryck.net\/index.php?rest_route=\/wp\/v2\/posts\/4908","targetHints":{"allow":["GET"]}}],"collection":[{"href":"https:\/\/uttryck.net\/index.php?rest_route=\/wp\/v2\/posts"}],"about":[{"href":"https:\/\/uttryck.net\/index.php?rest_route=\/wp\/v2\/types\/post"}],"author":[{"embeddable":true,"href":"https:\/\/uttryck.net\/index.php?rest_route=\/wp\/v2\/users\/42965754"}],"replies":[{"embeddable":true,"href":"https:\/\/uttryck.net\/index.php?rest_route=%2Fwp%2Fv2%2Fcomments&post=4908"}],"version-history":[{"count":14,"href":"https:\/\/uttryck.net\/index.php?rest_route=\/wp\/v2\/posts\/4908\/revisions"}],"predecessor-version":[{"id":4923,"href":"https:\/\/uttryck.net\/index.php?rest_route=\/wp\/v2\/posts\/4908\/revisions\/4923"}],"wp:attachment":[{"href":"https:\/\/uttryck.net\/index.php?rest_route=%2Fwp%2Fv2%2Fmedia&parent=4908"}],"wp:term":[{"taxonomy":"category","embeddable":true,"href":"https:\/\/uttryck.net\/index.php?rest_route=%2Fwp%2Fv2%2Fcategories&post=4908"},{"taxonomy":"post_tag","embeddable":true,"href":"https:\/\/uttryck.net\/index.php?rest_route=%2Fwp%2Fv2%2Ftags&post=4908"}],"curies":[{"name":"wp","href":"https:\/\/api.w.org\/{rel}","templated":true}]}}