{"id":4946,"date":"2025-09-10T21:37:55","date_gmt":"2025-09-10T19:37:55","guid":{"rendered":"http:\/\/uttryck.net\/?p=4946"},"modified":"2025-09-10T21:37:55","modified_gmt":"2025-09-10T19:37:55","slug":"drar-ihop-sig-till-ovader","status":"publish","type":"post","link":"https:\/\/uttryck.net\/?p=4946","title":{"rendered":"Drar ihop sig till ov\u00e4der"},"content":{"rendered":"\n<figure class=\"wp-block-image size-large\"><img data-recalc-dims=\"1\" loading=\"lazy\" decoding=\"async\" width=\"1536\" height=\"1024\" data-attachment-id=\"4968\" data-permalink=\"https:\/\/uttryck.net\/?attachment_id=4968\" data-orig-file=\"https:\/\/i0.wp.com\/uttryck.net\/wp-content\/uploads\/2025\/09\/6feb0019-e603-4ece-9123-f21ab4fb4935.png?fit=1536%2C1024&amp;ssl=1\" data-orig-size=\"1536,1024\" data-comments-opened=\"1\" data-image-meta=\"{&quot;aperture&quot;:&quot;0&quot;,&quot;credit&quot;:&quot;&quot;,&quot;camera&quot;:&quot;&quot;,&quot;caption&quot;:&quot;&quot;,&quot;created_timestamp&quot;:&quot;0&quot;,&quot;copyright&quot;:&quot;&quot;,&quot;focal_length&quot;:&quot;0&quot;,&quot;iso&quot;:&quot;0&quot;,&quot;shutter_speed&quot;:&quot;0&quot;,&quot;title&quot;:&quot;&quot;,&quot;orientation&quot;:&quot;0&quot;}\" data-image-title=\"6feb0019-e603-4ece-9123-f21ab4fb4935\" data-image-description=\"\" data-image-caption=\"\" data-large-file=\"https:\/\/i0.wp.com\/uttryck.net\/wp-content\/uploads\/2025\/09\/6feb0019-e603-4ece-9123-f21ab4fb4935.png?fit=1024%2C683&amp;ssl=1\" src=\"https:\/\/i0.wp.com\/uttryck.net\/wp-content\/uploads\/2025\/09\/6feb0019-e603-4ece-9123-f21ab4fb4935.png?resize=1536%2C1024&#038;ssl=1\" alt=\"\" class=\"wp-image-4968\" \/><figcaption class=\"wp-element-caption\">Var kommer alla virus ifr\u00e5n? Illustration: Open AI.<\/figcaption><\/figure>\n\n\n\n<p class=\"wp-block-paragraph\"><strong>Jag vaknade till nyheten att ryska dr\u00f6nare flugit in \u00f6ver polskt luftrum, och h\u00e4r ska man v\u00e4l betona <em>flugit<\/em>, inte st\u00f6rtat. Och att polsk milit\u00e4r beskjutit dr\u00f6narna.<\/strong><\/p>\n\n\n\n<p class=\"wp-block-paragraph\">Det verkar inte ha orsakat n\u00e5gra d\u00f6dsoffer, och det \u00e4r v\u00e4l inte troligt att Polen ber om st\u00f6d fr\u00e5n \u00f6vriga NATO-l\u00e4nder i det h\u00e4r l\u00e4get. Men det \u00e4r det man v\u00e4ntar p\u00e5. Och hoppas p\u00e5.<\/p>\n\n\n\n<p class=\"wp-block-paragraph\">(En artikel 4 blev det \u00e5tminstone.)<\/p>\n\n\n\n<hr class=\"wp-block-separator has-alpha-channel-opacity\" \/>\n\n\n\n<p class=\"wp-block-paragraph\">P\u00e5 gatorna ser m\u00e4nniskor ut som zombies men skenet bedrar. I sociala medier skriker de efter uppm\u00e4rksamhet. Fl\u00f6det p\u00e5 Facebook och Instagram liknar allt mer en sjuk feberdr\u00f6m d\u00e4r gapiga ansikten avl\u00f6ser varandra i o\u00e4ndlighet. Det \u00e4r mis\u00e4r, sv\u00e4ltkatastrofer, kommunala informationsdagar, Bianca Ingrosso och SVT Humor. Det \u00e4r ett tv\u00e4rsnitt av verkligheten som man inte vill se men som \u00e4r det enda alternativet till att st\u00e4nga in sig i en garderob.<\/p>\n\n\n\n<p class=\"wp-block-paragraph\">Jag beh\u00f6ver g\u00f6ra reklam p\u00e5 liknande s\u00e4tt sj\u00e4lv om jag n\u00e5gon g\u00e5ng satsar p\u00e5 ett kreativt eller journalistiskt projekt. Jag <em>m\u00e5ste<\/em> inte, nej, men det \u00e4r viktig del i att n\u00e5 ut, och var och en f\u00e5r bed\u00f6ma om det \u00e4r v\u00e4rt priset. M\u00e5nga verkar onekligen trivas med att synas och h\u00f6ras.<\/p>\n\n\n\n<hr class=\"wp-block-separator has-alpha-channel-opacity\" \/>\n\n\n\n<p class=\"wp-block-paragraph\">F\u00f6rkyld i Triangelns parkeringsgarage. F\u00f6rmodligen \u00e4r det n\u00e5gon smitta jag har f\u00e5tt fr\u00e5n min son, som han i sin tur har f\u00e5tt fr\u00e5n sina kompisar. Ibland undrar jag om det \u00e4r en f\u00f6rskola jag l\u00e4mnar honom p\u00e5 eller ett laboratorium i Wuhan. Hittills det h\u00e4r \u00e5ret har vi och f\u00f6r sig varit f\u00f6rskonade fr\u00e5n sjukdomar.<\/p>\n\n\n\n<hr class=\"wp-block-separator has-alpha-channel-opacity\" \/>\n\n\n\n<p class=\"wp-block-paragraph\">Regn och \u00e5ska i luften p\u00e5 eftermiddagen. Men det blir v\u00e4l inte mycket av det. Kommer inte bli annat \u00e4n enstaka h\u00e4ftiga skyfall fram\u00f6ver, s\u00e4ger jag med risk f\u00f6r att l\u00e5ta som \u00e5snan Ior. Det \u00e4r sv\u00e5rt att inte <em>vara<\/em> \u00e5snan Ior i dessa tider.<\/p>\n\n\n\n<hr class=\"wp-block-separator has-alpha-channel-opacity\" \/>\n\n\n\n<p class=\"wp-block-paragraph\">&#8221;Here we go!&#8221; skriver Trump om provokationen mot Polen. Om inte det hela vore s\u00e5 tragiskt skulle man skratta.<\/p>\n\n\n\n<hr class=\"wp-block-separator has-alpha-channel-opacity\" \/>\n\n\n\n<p class=\"wp-block-paragraph\">Ja, det kom en kraftig regnskur i kv\u00e4llens djupa m\u00f6rker. Men det \u00e4r lugnet f\u00f6re stormen i ett st\u00f6rre perspektiv. M\u00e5nga anar inte hur dramatiskt det kommer att bli om n\u00e5gra \u00e5r.<\/p>\n","protected":false},"excerpt":{"rendered":"<p>Jag vaknade till nyheten att ryska dr\u00f6nare flugit in \u00f6ver polskt luftrum, och h\u00e4r ska man v\u00e4l betona flugit, inte st\u00f6rtat. Och att polsk milit\u00e4r beskjutit dr\u00f6narna. Det verkar inte ha orsakat n\u00e5gra d\u00f6dsoffer, och det \u00e4r v\u00e4l inte troligt att Polen ber om st\u00f6d fr\u00e5n \u00f6vriga NATO-l\u00e4nder i det h\u00e4r l\u00e4get. Men det \u00e4r [&hellip;]<\/p>\n","protected":false},"author":42965754,"featured_media":0,"comment_status":"open","ping_status":"open","sticky":false,"template":"","format":"standard","meta":{"_coblocks_attr":"","_coblocks_dimensions":"","_coblocks_responsive_height":"","_coblocks_accordion_ie_support":"","advanced_seo_description":"","jetpack_seo_html_title":"","jetpack_seo_noindex":false,"jetpack_seo_schema_type":"","_jetpack_newsletter_access":"","_jetpack_dont_email_post_to_subs":false,"_jetpack_newsletter_tier_id":0,"_jetpack_memberships_contains_paywalled_content":false,"_wpcom_ai_launchpad_first_post":false,"_jetpack_feature_clip_id":0,"_jetpack_memberships_contains_paid_content":false,"footnotes":"","jetpack_publicize_message":"","jetpack_publicize_feature_enabled":true,"jetpack_social_post_already_shared":false,"jetpack_social_options":{"image_generator_settings":{"template":"highway","default_image_id":0,"font":"","enabled":false},"version":2},"jetpack_post_was_ever_published":false},"categories":[779460421,6861,32203,36671],"tags":[],"class_list":["post-4946","post","type-post","status-publish","format-standard","hentry","category-klimat-samhalle","category-politik","category-samhalle","category-vardag"],"jetpack_publicize_connections":[],"jetpack_likes_enabled":true,"jetpack_sharing_enabled":true,"jetpack_shortlink":"https:\/\/wp.me\/p4saXQ-1hM","jetpack-related-posts":[],"jetpack_featured_media_url":"","_links":{"self":[{"href":"https:\/\/uttryck.net\/index.php?rest_route=\/wp\/v2\/posts\/4946","targetHints":{"allow":["GET"]}}],"collection":[{"href":"https:\/\/uttryck.net\/index.php?rest_route=\/wp\/v2\/posts"}],"about":[{"href":"https:\/\/uttryck.net\/index.php?rest_route=\/wp\/v2\/types\/post"}],"author":[{"embeddable":true,"href":"https:\/\/uttryck.net\/index.php?rest_route=\/wp\/v2\/users\/42965754"}],"replies":[{"embeddable":true,"href":"https:\/\/uttryck.net\/index.php?rest_route=%2Fwp%2Fv2%2Fcomments&post=4946"}],"version-history":[{"count":21,"href":"https:\/\/uttryck.net\/index.php?rest_route=\/wp\/v2\/posts\/4946\/revisions"}],"predecessor-version":[{"id":4970,"href":"https:\/\/uttryck.net\/index.php?rest_route=\/wp\/v2\/posts\/4946\/revisions\/4970"}],"wp:attachment":[{"href":"https:\/\/uttryck.net\/index.php?rest_route=%2Fwp%2Fv2%2Fmedia&parent=4946"}],"wp:term":[{"taxonomy":"category","embeddable":true,"href":"https:\/\/uttryck.net\/index.php?rest_route=%2Fwp%2Fv2%2Fcategories&post=4946"},{"taxonomy":"post_tag","embeddable":true,"href":"https:\/\/uttryck.net\/index.php?rest_route=%2Fwp%2Fv2%2Ftags&post=4946"}],"curies":[{"name":"wp","href":"https:\/\/api.w.org\/{rel}","templated":true}]}}