{"id":5364,"date":"2025-12-13T00:23:45","date_gmt":"2025-12-12T23:23:45","guid":{"rendered":"http:\/\/uttryck.net\/?p=5364"},"modified":"2025-12-13T00:23:45","modified_gmt":"2025-12-12T23:23:45","slug":"ha-kakan-och-ata-den","status":"publish","type":"post","link":"https:\/\/uttryck.net\/?p=5364","title":{"rendered":"Ha kakan och \u00e4ta den"},"content":{"rendered":"\n<p class=\"wp-block-paragraph\"><strong>Jag h\u00f6rde en liten snutt av en intervju med Gavin Newsom som utm\u00e5las som Demokraternas b\u00e4sta kandidat i presidentvalet 2028.<\/strong><\/p>\n\n\n\n<p class=\"wp-block-paragraph\">Jag slogs av hur sk\u00f6nt det \u00e4r att lyssna p\u00e5 en amerikan som <em>inte<\/em> pratar som ett svagbeg\u00e5vat barn. Man \u00e4r onekligen sv\u00e4ltf\u00f6dd p\u00e5 allt som inte \u00e4r korkat, egoistiskt och sinnessjukt. F\u00f6r tio \u00e5r sedan hade Gavin Newsom varit en karismatisk amerikan i m\u00e4ngden, i dag l\u00e5ter hans ord som porlande vatten i en \u00f6ken.<\/p>\n\n\n\n<p class=\"wp-block-paragraph\">Det b\u00e4sta med Trumps tid vid makten \u00e4r euforin som kommer att infinna sig n\u00e4r den tar slut. F\u00f6r det <em>finns<\/em> ett slut p\u00e5 el\u00e4ndet, eller \u00e5tminstone en chans till det.<\/p>\n\n\n\n<p class=\"wp-block-paragraph\">Mycket av det som sker i dag l\u00e4r tyv\u00e4rr s\u00e4tta sp\u00e5r under l\u00e5ng tid fram\u00f6ver. Amerikanerna v\u00e4njer sig vid ett minskat st\u00f6d till Ukraina och kommer inte att acceptera en helomv\u00e4ndning med en annan president i Vita huset. Men visst vore det sk\u00f6nt med en administration som kan skilja mellan offer och f\u00f6r\u00f6vare, som \u00e5tminstone bryr sig om vem som har r\u00e4tt och fel. Det vore, skulle man kunna tycka, inte f\u00f6r mycket beg\u00e4rt.<\/p>\n\n\n\n<p class=\"wp-block-paragraph\">&#8221;De ska in i truten och ut p\u00e5 andra h\u00e5llet&#8221;, sa min kollega Frank om lussekatterna. Han tycker att vi l\u00e4gger f\u00f6r mycket tid p\u00e5 dem, fast det \u00e4r v\u00e5rt jobb att packa och leverera dem till v\u00e5ra kunder. Kakor och bullar \u00e4r tv\u00e5 av v\u00e5ra kassakor, den tredje \u00e4r mediciner i vita och r\u00f6da f\u00f6rpackningar. &#8221;Folk \u00e4r verkligen sjuka&#8221;, konstaterade en postanst\u00e4lld n\u00e4r jag fyllde ytterligare en bur med apoteksvaror h\u00e4romdagen.<\/p>\n\n\n\n<p class=\"wp-block-paragraph\">Svettas g\u00f6r jag i underst\u00e4ll och l\u00e5ngkalsonger. Jag \u00e4r tydligen f\u00f6r varmt kl\u00e4dd f\u00f6r \u00e5rstiden. Jag s\u00f6ker febrilt efter platser i v\u00e5rt avl\u00e5nga land d\u00e4r det \u00e4r vinter p\u00e5 riktigt; fastnar vid Kiruna d\u00e4r det var \u201319 i morse. K\u00f6ldturism f\u00e5r bli mitt n\u00f6je i framtiden, tror jag.<\/p>\n","protected":false},"excerpt":{"rendered":"<p>Jag h\u00f6rde en liten snutt av en intervju med Gavin Newsom som utm\u00e5las som Demokraternas b\u00e4sta kandidat i presidentvalet 2028. Jag slogs av hur sk\u00f6nt det \u00e4r att lyssna p\u00e5 en amerikan som inte pratar som ett svagbeg\u00e5vat barn. Man \u00e4r onekligen sv\u00e4ltf\u00f6dd p\u00e5 allt som inte \u00e4r korkat, egoistiskt och sinnessjukt. F\u00f6r tio \u00e5r [&hellip;]<\/p>\n","protected":false},"author":42965754,"featured_media":0,"comment_status":"open","ping_status":"open","sticky":false,"template":"","format":"standard","meta":{"_coblocks_attr":"","_coblocks_dimensions":"","_coblocks_responsive_height":"","_coblocks_accordion_ie_support":"","advanced_seo_description":"","jetpack_seo_html_title":"","jetpack_seo_noindex":false,"jetpack_seo_schema_type":"","_jetpack_newsletter_access":"","_jetpack_dont_email_post_to_subs":false,"_jetpack_newsletter_tier_id":0,"_jetpack_memberships_contains_paywalled_content":false,"_wpcom_ai_launchpad_first_post":false,"_jetpack_feature_clip_id":0,"_jetpack_memberships_contains_paid_content":false,"footnotes":"","jetpack_publicize_message":"Ha kakan och \u00e4ta den","jetpack_publicize_feature_enabled":true,"jetpack_social_post_already_shared":false,"jetpack_social_options":{"image_generator_settings":{"template":"highway","default_image_id":0,"font":"","enabled":false},"version":2},"jetpack_post_was_ever_published":false},"categories":[17939,779460421,32203],"tags":[],"class_list":["post-5364","post","type-post","status-publish","format-standard","hentry","category-jobb","category-klimat-samhalle","category-samhalle"],"jetpack_publicize_connections":[],"jetpack_likes_enabled":true,"jetpack_sharing_enabled":true,"jetpack_shortlink":"https:\/\/wp.me\/p4saXQ-1ow","jetpack-related-posts":[],"jetpack_featured_media_url":"","_links":{"self":[{"href":"https:\/\/uttryck.net\/index.php?rest_route=\/wp\/v2\/posts\/5364","targetHints":{"allow":["GET"]}}],"collection":[{"href":"https:\/\/uttryck.net\/index.php?rest_route=\/wp\/v2\/posts"}],"about":[{"href":"https:\/\/uttryck.net\/index.php?rest_route=\/wp\/v2\/types\/post"}],"author":[{"embeddable":true,"href":"https:\/\/uttryck.net\/index.php?rest_route=\/wp\/v2\/users\/42965754"}],"replies":[{"embeddable":true,"href":"https:\/\/uttryck.net\/index.php?rest_route=%2Fwp%2Fv2%2Fcomments&post=5364"}],"version-history":[{"count":18,"href":"https:\/\/uttryck.net\/index.php?rest_route=\/wp\/v2\/posts\/5364\/revisions"}],"predecessor-version":[{"id":5382,"href":"https:\/\/uttryck.net\/index.php?rest_route=\/wp\/v2\/posts\/5364\/revisions\/5382"}],"wp:attachment":[{"href":"https:\/\/uttryck.net\/index.php?rest_route=%2Fwp%2Fv2%2Fmedia&parent=5364"}],"wp:term":[{"taxonomy":"category","embeddable":true,"href":"https:\/\/uttryck.net\/index.php?rest_route=%2Fwp%2Fv2%2Fcategories&post=5364"},{"taxonomy":"post_tag","embeddable":true,"href":"https:\/\/uttryck.net\/index.php?rest_route=%2Fwp%2Fv2%2Ftags&post=5364"}],"curies":[{"name":"wp","href":"https:\/\/api.w.org\/{rel}","templated":true}]}}