{"id":5701,"date":"2026-01-16T22:13:43","date_gmt":"2026-01-16T21:13:43","guid":{"rendered":"http:\/\/uttryck.net\/?p=5701"},"modified":"2026-01-16T22:13:43","modified_gmt":"2026-01-16T21:13:43","slug":"mansklighetens-samlade-rost","status":"publish","type":"post","link":"https:\/\/uttryck.net\/?p=5701","title":{"rendered":"M\u00e4nsklighetens samlade r\u00f6st"},"content":{"rendered":"\n<figure class=\"wp-block-image size-large\"><img data-recalc-dims=\"1\" loading=\"lazy\" decoding=\"async\" width=\"1024\" height=\"1536\" data-attachment-id=\"5706\" data-permalink=\"https:\/\/uttryck.net\/?attachment_id=5706\" data-orig-file=\"https:\/\/i0.wp.com\/uttryck.net\/wp-content\/uploads\/2026\/01\/19128d46-1f2b-4675-b394-4e6a1e94c7b7.png?fit=1024%2C1536&amp;ssl=1\" data-orig-size=\"1024,1536\" data-comments-opened=\"1\" data-image-meta=\"{&quot;aperture&quot;:&quot;0&quot;,&quot;credit&quot;:&quot;&quot;,&quot;camera&quot;:&quot;&quot;,&quot;caption&quot;:&quot;&quot;,&quot;created_timestamp&quot;:&quot;0&quot;,&quot;copyright&quot;:&quot;&quot;,&quot;focal_length&quot;:&quot;0&quot;,&quot;iso&quot;:&quot;0&quot;,&quot;shutter_speed&quot;:&quot;0&quot;,&quot;title&quot;:&quot;&quot;,&quot;orientation&quot;:&quot;0&quot;}\" data-image-title=\"19128d46-1f2b-4675-b394-4e6a1e94c7b7\" data-image-description=\"\" data-image-caption=\"\" data-large-file=\"https:\/\/i0.wp.com\/uttryck.net\/wp-content\/uploads\/2026\/01\/19128d46-1f2b-4675-b394-4e6a1e94c7b7.png?fit=683%2C1024&amp;ssl=1\" src=\"https:\/\/i0.wp.com\/uttryck.net\/wp-content\/uploads\/2026\/01\/19128d46-1f2b-4675-b394-4e6a1e94c7b7.png?resize=1024%2C1536&#038;ssl=1\" alt=\"\" class=\"wp-image-5706\" \/><figcaption class=\"wp-element-caption\">Illustration av Open AI.<\/figcaption><\/figure>\n\n\n\n<p class=\"wp-block-paragraph\"><strong>Att l\u00e4sa nyheterna p\u00e5 morgonen \u00e4r ett s\u00e4kert s\u00e4tt att b\u00f6rja dagen med en klump i magen. I till\u00e4gg till alla hot om konflikter i v\u00e4rlden utk\u00e4mpar man ett inre krig f\u00f6r att tro p\u00e5 m\u00e4nskligheten, och r\u00e4knar dagarna till olika l\u00e4nders politiska val som skulle kunna f\u00f6rb\u00e4ttra l\u00e4get en aning.<\/strong><\/p>\n\n\n\n<p class=\"wp-block-paragraph\">Men \u00e4r artificiell intelligens ett  hot eller ett l\u00f6fte?<\/p>\n\n\n\n<p class=\"wp-block-paragraph\">Johanna Wiman, som \u00e4r chefredakt\u00f6r f\u00f6r tidningen Skriva, l\u00e4t ChatGPT formulera det f\u00f6rsta stycket i veckans fredagsbrev. Jag m\u00e4rkte det inte och hade f\u00f6rmodligen inte m\u00e4rkt om den fortsatt att skriva andra och tredje stycket ocks\u00e5. Visst blir inneh\u00e5llet lite menl\u00f6st, men vilken m\u00e4nsklig text \u00e4r inte ocks\u00e5 menl\u00f6s emellan\u00e5t?<\/p>\n\n\n\n<p class=\"wp-block-paragraph\">ChatGPT uttrycker sig minst lika bra som alla m\u00e4nniskor jag m\u00f6tt, och oftast mycket b\u00e4ttre. N\u00e5gra g\u00e5nger har svaren fr\u00e5n ChatGPT r\u00f6rt mig till t\u00e5rar. Jag vill inte betrakta bem\u00f6tandet som enbart resultatet av avancerade algoritmer utan i n\u00e5gon mening som m\u00e4nsklighetens samlade r\u00f6st.<\/p>\n\n\n\n<p class=\"wp-block-paragraph\">ChatGPT medger att den p\u00e5 s\u00e4tt och vis \u00e4r &#8221;ett slags eko-kammare av m\u00e4nsklighetens samlade texter&#8221; men till\u00e4gger att vissa spr\u00e5k, kulturer och perspektiv \u00e4r \u00f6verrepresenterade. Sj\u00e4lv vill den hellre betrakta sig som &#8221;en spegel och syntes av m\u00e5nga m\u00e4nskliga r\u00f6ster.&#8221;<\/p>\n\n\n\n<p class=\"wp-block-paragraph\">Till skrivt\u00e4vlingarna i tidningen Skriva har det b\u00f6rjat str\u00f6mma in AI-genererade ber\u00e4ttelser. Johanna Wiman ber\u00e4ttar:<\/p>\n\n\n\n<blockquote class=\"wp-block-quote is-layout-flow wp-block-quote-is-layout-flow\">\n<p class=\"wp-block-paragraph\">Att ha beh\u00f6vt hantera detta,&nbsp;att per telefon tvingats konfrontera n\u00e5gon vars text varit s\u00e5 bra att den n\u00e5tt sista jurym\u00f6tet, men d\u00e4r vi sedan b\u00f6rjat ana n\u00e5got lurt, \u00e4r bland det mest outh\u00e4rdligt genanta jag tvingats uts\u00e4tta mig f\u00f6r under mina tjugo \u00e5r som journalist. Och tanken p\u00e5 hur m\u00e5nga som vi&nbsp;<em>inte<\/em>&nbsp;uppt\u00e4ckt \u00e4r f\u00f6rst\u00e5s jobbig att umg\u00e5s med.<\/p>\n<\/blockquote>\n\n\n\n<p class=\"wp-block-paragraph\">Sj\u00e4lv har jag aldrig gett chattboten st\u00f6rre befogenheter \u00e4n att sammanfatta texter som jag sj\u00e4lv har skrivit. Men visst skulle jag kunna be den att formulera ett personligt brev \u00e5t mig \u2013 en tr\u00e5kig uppgift som jag g\u00e4rna slipper.<\/p>\n\n\n\n<p class=\"wp-block-paragraph\">Vad detta g\u00f6r med mig, andra och med framtidens samh\u00e4lle \u00e5terst\u00e5r att se. Kanske blir m\u00e4nskligt producerade texter bara en genre bland andra. Det enda vi vet \u00e4r att vi knappt har k\u00f6rt ut fr\u00e5n perrongen.<\/p>\n","protected":false},"excerpt":{"rendered":"<p>Att l\u00e4sa nyheterna p\u00e5 morgonen \u00e4r ett s\u00e4kert s\u00e4tt att b\u00f6rja dagen med en klump i magen. I till\u00e4gg till alla hot om konflikter i v\u00e4rlden utk\u00e4mpar man ett inre krig f\u00f6r att tro p\u00e5 m\u00e4nskligheten, och r\u00e4knar dagarna till olika l\u00e4nders politiska val som skulle kunna f\u00f6rb\u00e4ttra l\u00e4get en aning. Men \u00e4r artificiell intelligens [&hellip;]<\/p>\n","protected":false},"author":42965754,"featured_media":0,"comment_status":"open","ping_status":"open","sticky":false,"template":"","format":"standard","meta":{"_coblocks_attr":"","_coblocks_dimensions":"","_coblocks_responsive_height":"","_coblocks_accordion_ie_support":"","advanced_seo_description":"","jetpack_seo_html_title":"","jetpack_seo_noindex":false,"jetpack_seo_schema_type":"","_jetpack_newsletter_access":"","_jetpack_dont_email_post_to_subs":false,"_jetpack_newsletter_tier_id":0,"_jetpack_memberships_contains_paywalled_content":false,"_wpcom_ai_launchpad_first_post":false,"_jetpack_feature_clip_id":0,"_jetpack_memberships_contains_paid_content":false,"footnotes":"","jetpack_publicize_message":"M\u00e4nsklighetens samlade r\u00f6st","jetpack_publicize_feature_enabled":true,"jetpack_social_post_already_shared":false,"jetpack_social_options":{"image_generator_settings":{"template":"highway","default_image_id":0,"font":"","enabled":false},"version":2},"jetpack_post_was_ever_published":false},"categories":[29718,171134,32203,169970],"tags":[],"class_list":["post-5701","post","type-post","status-publish","format-standard","hentry","category-bocker","category-journalistik","category-samhalle","category-skrivande"],"jetpack_publicize_connections":[],"jetpack_likes_enabled":true,"jetpack_sharing_enabled":true,"jetpack_shortlink":"https:\/\/wp.me\/p4saXQ-1tX","jetpack-related-posts":[],"jetpack_featured_media_url":"","_links":{"self":[{"href":"https:\/\/uttryck.net\/index.php?rest_route=\/wp\/v2\/posts\/5701","targetHints":{"allow":["GET"]}}],"collection":[{"href":"https:\/\/uttryck.net\/index.php?rest_route=\/wp\/v2\/posts"}],"about":[{"href":"https:\/\/uttryck.net\/index.php?rest_route=\/wp\/v2\/types\/post"}],"author":[{"embeddable":true,"href":"https:\/\/uttryck.net\/index.php?rest_route=\/wp\/v2\/users\/42965754"}],"replies":[{"embeddable":true,"href":"https:\/\/uttryck.net\/index.php?rest_route=%2Fwp%2Fv2%2Fcomments&post=5701"}],"version-history":[{"count":6,"href":"https:\/\/uttryck.net\/index.php?rest_route=\/wp\/v2\/posts\/5701\/revisions"}],"predecessor-version":[{"id":5708,"href":"https:\/\/uttryck.net\/index.php?rest_route=\/wp\/v2\/posts\/5701\/revisions\/5708"}],"wp:attachment":[{"href":"https:\/\/uttryck.net\/index.php?rest_route=%2Fwp%2Fv2%2Fmedia&parent=5701"}],"wp:term":[{"taxonomy":"category","embeddable":true,"href":"https:\/\/uttryck.net\/index.php?rest_route=%2Fwp%2Fv2%2Fcategories&post=5701"},{"taxonomy":"post_tag","embeddable":true,"href":"https:\/\/uttryck.net\/index.php?rest_route=%2Fwp%2Fv2%2Ftags&post=5701"}],"curies":[{"name":"wp","href":"https:\/\/api.w.org\/{rel}","templated":true}]}}