{"id":5709,"date":"2026-01-17T21:19:18","date_gmt":"2026-01-17T20:19:18","guid":{"rendered":"http:\/\/uttryck.net\/?p=5709"},"modified":"2026-01-17T21:20:22","modified_gmt":"2026-01-17T20:20:22","slug":"blagrona-vagen-om-vintern","status":"publish","type":"post","link":"https:\/\/uttryck.net\/?p=5709","title":{"rendered":"Bl\u00e5gr\u00f6na v\u00e4gen om vintern"},"content":{"rendered":"\n<figure class=\"wp-block-image size-large\"><a href=\"https:\/\/i0.wp.com\/uttryck.net\/wp-content\/uploads\/2026\/01\/img_5064-kopiera.jpg?ssl=1\"><img data-recalc-dims=\"1\" loading=\"lazy\" decoding=\"async\" width=\"5184\" height=\"3456\" data-attachment-id=\"5715\" data-permalink=\"https:\/\/uttryck.net\/?attachment_id=5715\" data-orig-file=\"https:\/\/i0.wp.com\/uttryck.net\/wp-content\/uploads\/2026\/01\/img_5064-kopiera.jpg?fit=5184%2C3456&amp;ssl=1\" data-orig-size=\"5184,3456\" data-comments-opened=\"1\" data-image-meta=\"{&quot;aperture&quot;:&quot;11&quot;,&quot;credit&quot;:&quot;&quot;,&quot;camera&quot;:&quot;Canon EOS 600D&quot;,&quot;caption&quot;:&quot;&quot;,&quot;created_timestamp&quot;:&quot;1768663970&quot;,&quot;copyright&quot;:&quot;&quot;,&quot;focal_length&quot;:&quot;18&quot;,&quot;iso&quot;:&quot;500&quot;,&quot;shutter_speed&quot;:&quot;0.033333333333333&quot;,&quot;title&quot;:&quot;&quot;,&quot;orientation&quot;:&quot;1&quot;}\" data-image-title=\"IMG_5064 kopiera\" data-image-description=\"\" data-image-caption=\"\" data-large-file=\"https:\/\/i0.wp.com\/uttryck.net\/wp-content\/uploads\/2026\/01\/img_5064-kopiera.jpg?fit=1024%2C683&amp;ssl=1\" src=\"https:\/\/i0.wp.com\/uttryck.net\/wp-content\/uploads\/2026\/01\/img_5064-kopiera.jpg?resize=5184%2C3456&#038;ssl=1\" alt=\"\" class=\"wp-image-5715\" \/><\/a><figcaption class=\"wp-element-caption\">Ett stopp i n\u00e4rheten av riksgr\u00e4nsen.<\/figcaption><\/figure>\n\n\n\n<p class=\"wp-block-paragraph\"><strong>I den tidiga morgonens dr\u00f6m var det h\u00f6gsommar och drog ihop sig till ov\u00e4der hemma hos mina f\u00f6r\u00e4ldrar.<\/strong><\/p>\n\n\n\n<p class=\"wp-block-paragraph\">Men sm\u00e4llen vi h\u00f6rde kom inte fr\u00e5n himlen utan fr\u00e5n grannens tr\u00e4dg\u00e5rd. N\u00e5got slags pyrotekniskt experiment hade g\u00e5tt \u00f6verstyr och en grupp unga, fumliga m\u00e4n flydde den okontrollerade branden.<\/p>\n\n\n\n<p class=\"wp-block-paragraph\">De tog sin tillflykt in till oss och jag fann mig strax ligga p\u00e5 rygg utanf\u00f6r ytterd\u00f6rren med en av killarna \u00f6ver mig. Han h\u00f6jde en knuten n\u00e4ve och jag gjorde mig redo f\u00f6r sm\u00e4rtan. Men d\u00e5 s\u00e5g jag min mamma st\u00e5 helt lugn i d\u00f6rr\u00f6ppningen, och i n\u00e4sta \u00f6gonblick uppt\u00e4ckte jag kamerorna omkring oss.<\/p>\n\n\n\n<p class=\"wp-block-paragraph\">&#8221;What sick movie is this?&#8221; fr\u00e5gade jag.<\/p>\n\n\n\n<p class=\"wp-block-paragraph\">Killen som satt \u00f6ver mig plockade fram ett manus ur jackfickan. Han r\u00e4ckte \u00f6ver det och sa:<\/p>\n\n\n\n<p class=\"wp-block-paragraph\">&#8221;It&#8217;s been seventy years. The secrecy has been lifted.&#8221;<\/p>\n\n\n\n<p class=\"wp-block-paragraph\">P\u00e5 f\u00f6rs\u00e4ttsbladet stod det Astrid Lindgren.<\/p>\n\n\n\n<hr class=\"wp-block-separator has-alpha-channel-opacity\" \/>\n\n\n\n<p class=\"wp-block-paragraph\"><strong>Jag k\u00f6rde hemifr\u00e5n<\/strong> i t\u00e4t dimma vid 6-tiden i morse. Skulle h\u00e4mta n\u00e5gra av IKEA:s gr\u00f6na Eket-l\u00e5dor som \u00e4r sluts\u00e5lda i hela Sverige utom i Uddevalla. Tur att jag har en bra bil, allts\u00e5. <\/p>\n\n\n\n<p class=\"wp-block-paragraph\">Dimman l\u00e4ttade i takt med soluppg\u00e5ngen och sn\u00f6t\u00e4cket bredde ut sig norr om G\u00f6teborg. Efter h\u00e4mtningen av l\u00e5dorna k\u00f6rde jag vidare norrut l\u00e4ngs bl\u00e5gr\u00f6na v\u00e4gen som leder mot Halden genom bohusl\u00e4nska orter med s\u00e5 skilda namn som Grimmeland (vackert) och Dingle.<\/p>\n\n\n\n<p class=\"wp-block-paragraph\">N\u00e5gra hundra meter in i Norge stannade jag vid en rastplats, tog n\u00e5gra fotografier och v\u00e4nde hem\u00e5t igen.<\/p>\n\n\n\n<p class=\"wp-block-paragraph\">Nu \u00e4r jag s\u00e5 tr\u00f6tt att \u00f6gonen g\u00e5r i kors.<\/p>\n","protected":false},"excerpt":{"rendered":"<p>I den tidiga morgonens dr\u00f6m var det h\u00f6gsommar och drog ihop sig till ov\u00e4der hemma hos mina f\u00f6r\u00e4ldrar. Men sm\u00e4llen vi h\u00f6rde kom inte fr\u00e5n himlen utan fr\u00e5n grannens tr\u00e4dg\u00e5rd. N\u00e5got slags pyrotekniskt experiment hade g\u00e5tt \u00f6verstyr och en grupp unga, fumliga m\u00e4n flydde den okontrollerade branden. De tog sin tillflykt in till oss och [&hellip;]<\/p>\n","protected":false},"author":42965754,"featured_media":0,"comment_status":"open","ping_status":"open","sticky":false,"template":"","format":"standard","meta":{"_coblocks_attr":"","_coblocks_dimensions":"","_coblocks_responsive_height":"","_coblocks_accordion_ie_support":"","advanced_seo_description":"","jetpack_seo_html_title":"","jetpack_seo_noindex":false,"jetpack_seo_schema_type":"","_jetpack_newsletter_access":"","_jetpack_dont_email_post_to_subs":false,"_jetpack_newsletter_tier_id":0,"_jetpack_memberships_contains_paywalled_content":false,"_wpcom_ai_launchpad_first_post":false,"_jetpack_feature_clip_id":0,"_jetpack_memberships_contains_paid_content":false,"footnotes":"","jetpack_publicize_message":"Bl\u00e5gr\u00f6na v\u00e4gen om vintern","jetpack_publicize_feature_enabled":true,"jetpack_social_post_already_shared":false,"jetpack_social_options":{"image_generator_settings":{"template":"highway","default_image_id":0,"font":"","enabled":false},"version":2},"jetpack_post_was_ever_published":false},"categories":[77200,40732],"tags":[],"class_list":["post-5709","post","type-post","status-publish","format-standard","hentry","category-drommar","category-resa"],"jetpack_publicize_connections":[],"jetpack_likes_enabled":true,"jetpack_sharing_enabled":true,"jetpack_shortlink":"https:\/\/wp.me\/p4saXQ-1u5","jetpack-related-posts":[],"jetpack_featured_media_url":"","_links":{"self":[{"href":"https:\/\/uttryck.net\/index.php?rest_route=\/wp\/v2\/posts\/5709","targetHints":{"allow":["GET"]}}],"collection":[{"href":"https:\/\/uttryck.net\/index.php?rest_route=\/wp\/v2\/posts"}],"about":[{"href":"https:\/\/uttryck.net\/index.php?rest_route=\/wp\/v2\/types\/post"}],"author":[{"embeddable":true,"href":"https:\/\/uttryck.net\/index.php?rest_route=\/wp\/v2\/users\/42965754"}],"replies":[{"embeddable":true,"href":"https:\/\/uttryck.net\/index.php?rest_route=%2Fwp%2Fv2%2Fcomments&post=5709"}],"version-history":[{"count":9,"href":"https:\/\/uttryck.net\/index.php?rest_route=\/wp\/v2\/posts\/5709\/revisions"}],"predecessor-version":[{"id":5719,"href":"https:\/\/uttryck.net\/index.php?rest_route=\/wp\/v2\/posts\/5709\/revisions\/5719"}],"wp:attachment":[{"href":"https:\/\/uttryck.net\/index.php?rest_route=%2Fwp%2Fv2%2Fmedia&parent=5709"}],"wp:term":[{"taxonomy":"category","embeddable":true,"href":"https:\/\/uttryck.net\/index.php?rest_route=%2Fwp%2Fv2%2Fcategories&post=5709"},{"taxonomy":"post_tag","embeddable":true,"href":"https:\/\/uttryck.net\/index.php?rest_route=%2Fwp%2Fv2%2Ftags&post=5709"}],"curies":[{"name":"wp","href":"https:\/\/api.w.org\/{rel}","templated":true}]}}