{"id":5956,"date":"2026-02-01T21:44:40","date_gmt":"2026-02-01T20:44:40","guid":{"rendered":"http:\/\/uttryck.net\/?p=5956"},"modified":"2026-02-01T21:44:40","modified_gmt":"2026-02-01T20:44:40","slug":"danska-inventarier","status":"publish","type":"post","link":"https:\/\/uttryck.net\/?p=5956","title":{"rendered":"Danska inventarier"},"content":{"rendered":"\n<figure class=\"wp-block-image aligncenter size-large\"><img data-recalc-dims=\"1\" loading=\"lazy\" decoding=\"async\" width=\"2000\" height=\"1500\" data-attachment-id=\"5968\" data-permalink=\"https:\/\/uttryck.net\/?attachment_id=5968\" data-orig-file=\"https:\/\/i0.wp.com\/uttryck.net\/wp-content\/uploads\/2026\/02\/img_4954.jpg?fit=2000%2C1500&amp;ssl=1\" data-orig-size=\"2000,1500\" data-comments-opened=\"1\" data-image-meta=\"{&quot;aperture&quot;:&quot;1.6&quot;,&quot;credit&quot;:&quot;&quot;,&quot;camera&quot;:&quot;iPhone 12&quot;,&quot;caption&quot;:&quot;&quot;,&quot;created_timestamp&quot;:&quot;1769967041&quot;,&quot;copyright&quot;:&quot;&quot;,&quot;focal_length&quot;:&quot;4.2&quot;,&quot;iso&quot;:&quot;640&quot;,&quot;shutter_speed&quot;:&quot;0.125&quot;,&quot;title&quot;:&quot;&quot;,&quot;orientation&quot;:&quot;1&quot;}\" data-image-title=\"img_4954\" data-image-description=\"\" data-image-caption=\"\" data-large-file=\"https:\/\/i0.wp.com\/uttryck.net\/wp-content\/uploads\/2026\/02\/img_4954.jpg?fit=1024%2C768&amp;ssl=1\" src=\"https:\/\/i0.wp.com\/uttryck.net\/wp-content\/uploads\/2026\/02\/img_4954.jpg?resize=2000%2C1500&#038;ssl=1\" alt=\"\" class=\"wp-image-5968\" \/><figcaption class=\"wp-element-caption\">M\u00e5nen lyste \u00f6ver f\u00e4lten i kv\u00e4ll.<\/figcaption><\/figure>\n\n\n\n<p class=\"wp-block-paragraph\"><strong>Jag \u00e4gnade eftermiddagen \u00e5t att skruva ihop bokhyllan Mosbjerg som nyligen l\u00e5g ute p\u00e5 rea hos Jysk.<\/strong><\/p>\n\n\n\n<p class=\"wp-block-paragraph\">Montering av m\u00f6bler har aldrig varit min starka sida, s\u00e5 det var inte utan stolthet som jag fick ihop den p\u00e5 egen hand. I ett framtida liv, inte alltf\u00f6r avl\u00e4gset, kommer jag att anlita m\u00e4nniskor som g\u00f6r s\u00e5dana saker \u00e5t mig. Dyrt och on\u00f6digt, tycker m\u00e5nga, men f\u00f6r mig vore det livskvalitet.<\/p>\n\n\n\n<p class=\"wp-block-paragraph\">Nu st\u00e5r i alla fall min Mosbjerg p\u00e5 plats bredvid f\u00e5t\u00f6ljen p\u00e5 mitt rum. Trots att huset \u00e4r n\u00e4rmare tv\u00e5hundra kvadratmeter stort \u00e4r mitt eget rum det enda som jag har inflytande \u00f6ver, s\u00e5 jag g\u00f6r mitt b\u00e4sta f\u00f6r att ha det mysigt d\u00e4r. \u00c5terst\u00e5r att st\u00e4lla Eket-l\u00e5dorna \u2013 dem jag k\u00f6pte i Uddevalla \u2013 i ordning och skaffa en liten vit matta av n\u00e5got slag. Sedan bor jag hovsamt som sj\u00e4lvaste knugen.<\/p>\n\n\n\n<p class=\"wp-block-paragraph\"><strong>I december slogs det v\u00e4rmerekord<\/strong> och nu sedan en m\u00e5nad tillbaka bl\u00e5ser det s\u00e5 kallt att man f\u00e5r g\u00e5 med l\u00e5ngkalsonger dygnet runt. Det har varit en ganska konstig vinter, <a href=\"https:\/\/www.svt.se\/nyheter\/inrikes\/vader-nils-snon-som-overlever-helgen-kan-bli-liggande-ett-tag\">som V\u00e4der-Nils uttryckte det<\/a>. S\u00e4kert \u00e4r \u00e4ven k\u00f6lden en konsekvens av klimatf\u00f6r\u00e4ndringarna p\u00e5 n\u00e5got s\u00e4tt, men jag \u00e4r tacksam \u00f6ver att min fyra\u00e5ring f\u00e5r uppleva sn\u00f6 och f\u00f6rhoppningsvis minns det n\u00e4r han blir \u00e4ldre. Jag vill ta mig tusan aldrig att vintern ska ta slut.<\/p>\n\n\n\n<p class=\"wp-block-paragraph\">Det var sex minusgrader och halv storm n\u00e4r jag gav mig ut p\u00e5 l\u00f6ptur i skymningen. Mosbjerg hade sinkat mig och jag ville verkligen inte hoppa \u00f6ver veckans enda chans till motion. S\u00e5 det blev en bortdomnad tunga som vanligt, och lite blixthalka h\u00e4r och d\u00e4r. Men vackra vyer och ingen vurpa.<\/p>\n","protected":false},"excerpt":{"rendered":"<p>Jag \u00e4gnade eftermiddagen \u00e5t att skruva ihop bokhyllan Mosbjerg som nyligen l\u00e5g ute p\u00e5 rea hos Jysk. Montering av m\u00f6bler har aldrig varit min starka sida, s\u00e5 det var inte utan stolthet som jag fick ihop den p\u00e5 egen hand. I ett framtida liv, inte alltf\u00f6r avl\u00e4gset, kommer jag att anlita m\u00e4nniskor som g\u00f6r s\u00e5dana [&hellip;]<\/p>\n","protected":false},"author":42965754,"featured_media":0,"comment_status":"open","ping_status":"open","sticky":false,"template":"","format":"standard","meta":{"_coblocks_attr":"","_coblocks_dimensions":"","_coblocks_responsive_height":"","_coblocks_accordion_ie_support":"","advanced_seo_description":"","jetpack_seo_html_title":"","jetpack_seo_noindex":false,"jetpack_seo_schema_type":"","_jetpack_newsletter_access":"","_jetpack_dont_email_post_to_subs":false,"_jetpack_newsletter_tier_id":0,"_jetpack_memberships_contains_paywalled_content":false,"_wpcom_ai_launchpad_first_post":false,"_jetpack_feature_clip_id":0,"_jetpack_memberships_contains_paid_content":false,"footnotes":"","jetpack_publicize_message":"Danska inventarier","jetpack_publicize_feature_enabled":true,"jetpack_social_post_already_shared":false,"jetpack_social_options":{"image_generator_settings":{"template":"highway","default_image_id":0,"font":"","enabled":false},"version":2},"jetpack_post_was_ever_published":false},"categories":[779460421,36671],"tags":[],"class_list":["post-5956","post","type-post","status-publish","format-standard","hentry","category-klimat-samhalle","category-vardag"],"jetpack_publicize_connections":[],"jetpack_likes_enabled":true,"jetpack_sharing_enabled":true,"jetpack_shortlink":"https:\/\/wp.me\/p4saXQ-1y4","jetpack-related-posts":[],"jetpack_featured_media_url":"","_links":{"self":[{"href":"https:\/\/uttryck.net\/index.php?rest_route=\/wp\/v2\/posts\/5956","targetHints":{"allow":["GET"]}}],"collection":[{"href":"https:\/\/uttryck.net\/index.php?rest_route=\/wp\/v2\/posts"}],"about":[{"href":"https:\/\/uttryck.net\/index.php?rest_route=\/wp\/v2\/types\/post"}],"author":[{"embeddable":true,"href":"https:\/\/uttryck.net\/index.php?rest_route=\/wp\/v2\/users\/42965754"}],"replies":[{"embeddable":true,"href":"https:\/\/uttryck.net\/index.php?rest_route=%2Fwp%2Fv2%2Fcomments&post=5956"}],"version-history":[{"count":13,"href":"https:\/\/uttryck.net\/index.php?rest_route=\/wp\/v2\/posts\/5956\/revisions"}],"predecessor-version":[{"id":5971,"href":"https:\/\/uttryck.net\/index.php?rest_route=\/wp\/v2\/posts\/5956\/revisions\/5971"}],"wp:attachment":[{"href":"https:\/\/uttryck.net\/index.php?rest_route=%2Fwp%2Fv2%2Fmedia&parent=5956"}],"wp:term":[{"taxonomy":"category","embeddable":true,"href":"https:\/\/uttryck.net\/index.php?rest_route=%2Fwp%2Fv2%2Fcategories&post=5956"},{"taxonomy":"post_tag","embeddable":true,"href":"https:\/\/uttryck.net\/index.php?rest_route=%2Fwp%2Fv2%2Ftags&post=5956"}],"curies":[{"name":"wp","href":"https:\/\/api.w.org\/{rel}","templated":true}]}}