{"id":5972,"date":"2026-02-02T21:15:18","date_gmt":"2026-02-02T20:15:18","guid":{"rendered":"http:\/\/uttryck.net\/?p=5972"},"modified":"2026-02-02T21:15:53","modified_gmt":"2026-02-02T20:15:53","slug":"bilvarmen-ar-den-basta-varmen","status":"publish","type":"post","link":"https:\/\/uttryck.net\/?p=5972","title":{"rendered":"Bilv\u00e4rmen \u00e4r den b\u00e4sta v\u00e4rmen"},"content":{"rendered":"\n<figure class=\"wp-block-image aligncenter size-large\"><img data-recalc-dims=\"1\" loading=\"lazy\" decoding=\"async\" width=\"1024\" height=\"1024\" data-attachment-id=\"5983\" data-permalink=\"https:\/\/uttryck.net\/?attachment_id=5983\" data-orig-file=\"https:\/\/i0.wp.com\/uttryck.net\/wp-content\/uploads\/2026\/02\/4b5574ee-9bca-468d-aaa6-46a1ba9495ff.png?fit=1024%2C1024&amp;ssl=1\" data-orig-size=\"1024,1024\" data-comments-opened=\"1\" data-image-meta=\"{&quot;aperture&quot;:&quot;0&quot;,&quot;credit&quot;:&quot;&quot;,&quot;camera&quot;:&quot;&quot;,&quot;caption&quot;:&quot;&quot;,&quot;created_timestamp&quot;:&quot;0&quot;,&quot;copyright&quot;:&quot;&quot;,&quot;focal_length&quot;:&quot;0&quot;,&quot;iso&quot;:&quot;0&quot;,&quot;shutter_speed&quot;:&quot;0&quot;,&quot;title&quot;:&quot;&quot;,&quot;orientation&quot;:&quot;0&quot;}\" data-image-title=\"4b5574ee-9bca-468d-aaa6-46a1ba9495ff\" data-image-description=\"\" data-image-caption=\"\" data-large-file=\"https:\/\/i0.wp.com\/uttryck.net\/wp-content\/uploads\/2026\/02\/4b5574ee-9bca-468d-aaa6-46a1ba9495ff.png?fit=1024%2C1024&amp;ssl=1\" src=\"https:\/\/i0.wp.com\/uttryck.net\/wp-content\/uploads\/2026\/02\/4b5574ee-9bca-468d-aaa6-46a1ba9495ff.png?resize=1024%2C1024&#038;ssl=1\" alt=\"\" class=\"wp-image-5983\" \/><figcaption class=\"wp-element-caption\">\u00c4nnu en tolkning fr\u00e5n Open AI.<\/figcaption><\/figure>\n\n\n\n<p class=\"wp-block-paragraph\"><strong>Jag sa till Loppan att det blir den hittills kallaste dagen i hans liv.<\/strong><\/p>\n\n\n\n<p class=\"wp-block-paragraph\">Sju minusgrader \u00e4r inte s\u00e5 farligt, men som sk\u00e5ningar \u00e4lskar att p\u00e5peka k\u00e4nns det m\u00e5ngdubbelt v\u00e4rre. Utanf\u00f6r f\u00f6rskolan hade grinden fastnat i en sn\u00f6driva, s\u00e5 jag fick pressa den fram\u00e5t med hela min kroppsvikt medan skockar av barn smet in genom springan.<\/p>\n\n\n\n<p class=\"wp-block-paragraph\">Med kroppen full av koffein och endorfiner k\u00f6rde jag v\u00e4sterut och kunde ha varit den lyckligaste mannen p\u00e5 jorden om det inte vore f\u00f6r destination tr\u00e5km\u00f6g, \u00e4ven kallat jobbet. Det som jag beh\u00f6ver hitta ett alternativ till.<\/p>\n\n\n\n<p class=\"wp-block-paragraph\">Ledordet beh\u00f6ver rent allm\u00e4nt vara livskvalitet. Jag kan inte se att n\u00e5got skulle kunna vara viktigare. Det \u00e4r dags att jag fokuserar mer p\u00e5 vad jag sj\u00e4lv beh\u00f6ver och mindre p\u00e5 vad en ok\u00e4nd, f\u00f6rest\u00e4lld publik \u00f6nskar sig. Det \u00e4r egentligen inga konstigheter.<\/p>\n\n\n\n<p class=\"wp-block-paragraph\"><strong>M\u00e5nen \u00e4r i kv\u00e4ll vackrare<\/strong> \u00e4n ig\u00e5r, men jag fryser f\u00f6r mycket f\u00f6r att g\u00e5 ut och fotografera den. P\u00e5 torsdag v\u00e4ntas mer sn\u00f6 och p\u00e5 fredag ska jag \u00e5ka med Loppan till Trelleborg, alla vindpinade h\u00e5lors fader. Vi f\u00e5r se hur det ska g\u00e5 med det och allt annat.<\/p>\n\n\n\n<p class=\"wp-block-paragraph\">Jag skulle g\u00e4rna vilja ha lite energi kvar p\u00e5 kv\u00e4llen, men det enda jag orkar \u00e4r att ta en kexchoklad och stirra in i v\u00e4ggen.<\/p>\n","protected":false},"excerpt":{"rendered":"<p>Jag sa till Loppan att det blir den hittills kallaste dagen i hans liv. Sju minusgrader \u00e4r inte s\u00e5 farligt, men som sk\u00e5ningar \u00e4lskar att p\u00e5peka k\u00e4nns det m\u00e5ngdubbelt v\u00e4rre. Utanf\u00f6r f\u00f6rskolan hade grinden fastnat i en sn\u00f6driva, s\u00e5 jag fick pressa den fram\u00e5t med hela min kroppsvikt medan skockar av barn smet in genom [&hellip;]<\/p>\n","protected":false},"author":42965754,"featured_media":0,"comment_status":"open","ping_status":"open","sticky":false,"template":"","format":"standard","meta":{"_coblocks_attr":"","_coblocks_dimensions":"","_coblocks_responsive_height":"","_coblocks_accordion_ie_support":"","advanced_seo_description":"","jetpack_seo_html_title":"","jetpack_seo_noindex":false,"jetpack_seo_schema_type":"","_jetpack_newsletter_access":"","_jetpack_dont_email_post_to_subs":false,"_jetpack_newsletter_tier_id":0,"_jetpack_memberships_contains_paywalled_content":false,"_wpcom_ai_launchpad_first_post":false,"_jetpack_feature_clip_id":0,"_jetpack_memberships_contains_paid_content":false,"footnotes":"","jetpack_publicize_message":"Bilv\u00e4rmen \u00e4r den b\u00e4sta v\u00e4rmen","jetpack_publicize_feature_enabled":true,"jetpack_social_post_already_shared":false,"jetpack_social_options":{"image_generator_settings":{"template":"highway","default_image_id":0,"font":"","enabled":false},"version":2},"jetpack_post_was_ever_published":false},"categories":[36671],"tags":[],"class_list":["post-5972","post","type-post","status-publish","format-standard","hentry","category-vardag"],"jetpack_publicize_connections":[],"jetpack_likes_enabled":true,"jetpack_sharing_enabled":true,"jetpack_shortlink":"https:\/\/wp.me\/p4saXQ-1yk","jetpack-related-posts":[],"jetpack_featured_media_url":"","_links":{"self":[{"href":"https:\/\/uttryck.net\/index.php?rest_route=\/wp\/v2\/posts\/5972","targetHints":{"allow":["GET"]}}],"collection":[{"href":"https:\/\/uttryck.net\/index.php?rest_route=\/wp\/v2\/posts"}],"about":[{"href":"https:\/\/uttryck.net\/index.php?rest_route=\/wp\/v2\/types\/post"}],"author":[{"embeddable":true,"href":"https:\/\/uttryck.net\/index.php?rest_route=\/wp\/v2\/users\/42965754"}],"replies":[{"embeddable":true,"href":"https:\/\/uttryck.net\/index.php?rest_route=%2Fwp%2Fv2%2Fcomments&post=5972"}],"version-history":[{"count":15,"href":"https:\/\/uttryck.net\/index.php?rest_route=\/wp\/v2\/posts\/5972\/revisions"}],"predecessor-version":[{"id":5988,"href":"https:\/\/uttryck.net\/index.php?rest_route=\/wp\/v2\/posts\/5972\/revisions\/5988"}],"wp:attachment":[{"href":"https:\/\/uttryck.net\/index.php?rest_route=%2Fwp%2Fv2%2Fmedia&parent=5972"}],"wp:term":[{"taxonomy":"category","embeddable":true,"href":"https:\/\/uttryck.net\/index.php?rest_route=%2Fwp%2Fv2%2Fcategories&post=5972"},{"taxonomy":"post_tag","embeddable":true,"href":"https:\/\/uttryck.net\/index.php?rest_route=%2Fwp%2Fv2%2Ftags&post=5972"}],"curies":[{"name":"wp","href":"https:\/\/api.w.org\/{rel}","templated":true}]}}