{"id":6075,"date":"2026-02-10T23:41:35","date_gmt":"2026-02-10T22:41:35","guid":{"rendered":"http:\/\/uttryck.net\/?p=6075"},"modified":"2026-02-10T23:42:33","modified_gmt":"2026-02-10T22:42:33","slug":"annu-en-gravid-kvinna-som-inte-togs-pa-allvar","status":"publish","type":"post","link":"https:\/\/uttryck.net\/?p=6075","title":{"rendered":"\u00c4nnu en gravid kvinna som inte togs p\u00e5 allvar?"},"content":{"rendered":"\n<figure class=\"wp-block-image size-large\"><a href=\"https:\/\/i0.wp.com\/uttryck.net\/wp-content\/uploads\/2026\/02\/skarmavbild-2026-02-10-kl.-23.30.53-1.png?ssl=1\"><img data-recalc-dims=\"1\" loading=\"lazy\" decoding=\"async\" width=\"1360\" height=\"886\" data-attachment-id=\"6086\" data-permalink=\"https:\/\/uttryck.net\/?attachment_id=6086\" data-orig-file=\"https:\/\/i0.wp.com\/uttryck.net\/wp-content\/uploads\/2026\/02\/skarmavbild-2026-02-10-kl.-23.30.53-1.png?fit=1360%2C886&amp;ssl=1\" data-orig-size=\"1360,886\" data-comments-opened=\"1\" data-image-meta=\"{&quot;aperture&quot;:&quot;0&quot;,&quot;credit&quot;:&quot;&quot;,&quot;camera&quot;:&quot;&quot;,&quot;caption&quot;:&quot;&quot;,&quot;created_timestamp&quot;:&quot;0&quot;,&quot;copyright&quot;:&quot;&quot;,&quot;focal_length&quot;:&quot;0&quot;,&quot;iso&quot;:&quot;0&quot;,&quot;shutter_speed&quot;:&quot;0&quot;,&quot;title&quot;:&quot;&quot;,&quot;orientation&quot;:&quot;0&quot;}\" data-image-title=\"Sk\u00e4rmavbild 2026-02-10 kl. 23.30.53\" data-image-description=\"\" data-image-caption=\"\" data-large-file=\"https:\/\/i0.wp.com\/uttryck.net\/wp-content\/uploads\/2026\/02\/skarmavbild-2026-02-10-kl.-23.30.53-1.png?fit=1024%2C667&amp;ssl=1\" src=\"https:\/\/i0.wp.com\/uttryck.net\/wp-content\/uploads\/2026\/02\/skarmavbild-2026-02-10-kl.-23.30.53-1.png?resize=1360%2C886&#038;ssl=1\" alt=\"\" class=\"wp-image-6086\" \/><\/a><figcaption class=\"wp-element-caption\">Utklipp fr\u00e5n inslaget i SVT Uppsala.<\/figcaption><\/figure>\n\n\n\n<p class=\"wp-block-paragraph\"><strong>SVT Uppsala <a href=\"https:\/\/www.svt.se\/nyheter\/lokalt\/uppsala\/nina-35-fick-havandeskapsforgiftning-dog-vid-forlossningen\">ber\u00e4ttar om 35-\u00e5riga Nina<\/a> som dog av havandeskapsf\u00f6rgiftning i samband med sin andra f\u00f6rlossning. F\u00f6rloppet p\u00e5minner om det som h\u00e4nde min sambo under v\u00e5r f\u00f6rsta graviditet, <a href=\"https:\/\/uttryck.net\/2023\/04\/29\/elva-dagar-mot-doden\/\">vilket jag tidigare har skrivit om<\/a>.<\/strong><\/p>\n\n\n\n<p class=\"wp-block-paragraph\">Nina fick \u00f6gonflimmer och synbortfall i graviditetsvecka 35. Min sambo drabbades redan kring vecka 25, men precis som Nina fick hon r\u00e5det att \u00e5terkomma om det blev v\u00e4rre.<\/p>\n\n\n\n<p class=\"wp-block-paragraph\">Alla barnmorskor vet att \u00f6gonflimmer kan vara ett tecken p\u00e5 sv\u00e5r havandeskapsf\u00f6rgiftning. Att be kvinnan att &#8221;\u00e5terkomma om det blir v\u00e4rre&#8221; \u00e4r att l\u00e4mpa \u00f6ver ansvaret f\u00f6r den potentiellt d\u00f6dliga sjukdomen p\u00e5 patienten sj\u00e4lv.<\/p>\n\n\n\n<p class=\"wp-block-paragraph\">Nina fick sin sjukdomsdiagnos 13 dagar senare vid ett ordinarie bes\u00f6k. I min sambos fall gick det 11 dagar. Nina fick mediciner mot blodtrycket, i v\u00e5rt fall blev det ett akut kejsarsnitt.<\/p>\n\n\n\n<p class=\"wp-block-paragraph\">Nina dog, hennes barn \u00f6verlevde. I v\u00e5rt fall var det tv\u00e4rtom.<\/p>\n\n\n\n<p class=\"wp-block-paragraph\">Nu f\u00e5r man hoppas att IVO utreder vad som h\u00e4nde Nina, s\u00e5 att ingen beh\u00f6ver undra \u00f6ver den saken. I den b\u00e4sta av v\u00e4rldar kan kritik f\u00f6ranleda f\u00f6rb\u00e4ttringar. Att f\u00f6da barn \u00e4r farligt och misstag kan alltid ske. Men man m\u00e5ste vara intresserad av att l\u00e4ra sig av misstagen, och medvetet slarv beh\u00f6ver f\u00e5 konsekvenser.<\/p>\n\n\n\n<p class=\"wp-block-paragraph\">Fallet Nina st\u00e4rker mina misstankar om att v\u00e4ldigt lite har blivit b\u00e4ttre p\u00e5 den punkten.<\/p>\n","protected":false},"excerpt":{"rendered":"<p>SVT Uppsala ber\u00e4ttar om 35-\u00e5riga Nina som dog av havandeskapsf\u00f6rgiftning i samband med sin andra f\u00f6rlossning. F\u00f6rloppet p\u00e5minner om det som h\u00e4nde min sambo under v\u00e5r f\u00f6rsta graviditet, vilket jag tidigare har skrivit om. Nina fick \u00f6gonflimmer och synbortfall i graviditetsvecka 35. Min sambo drabbades redan kring vecka 25, men precis som Nina fick hon [&hellip;]<\/p>\n","protected":false},"author":42965754,"featured_media":0,"comment_status":"open","ping_status":"open","sticky":false,"template":"","format":"standard","meta":{"_coblocks_attr":"","_coblocks_dimensions":"","_coblocks_responsive_height":"","_coblocks_accordion_ie_support":"","advanced_seo_description":"","jetpack_seo_html_title":"","jetpack_seo_noindex":false,"jetpack_seo_schema_type":"","_jetpack_newsletter_access":"","_jetpack_dont_email_post_to_subs":false,"_jetpack_newsletter_tier_id":0,"_jetpack_memberships_contains_paywalled_content":false,"_wpcom_ai_launchpad_first_post":false,"_jetpack_feature_clip_id":0,"_jetpack_memberships_contains_paid_content":false,"footnotes":"","jetpack_publicize_message":"\u00c4nnu en gravid kvinna som inte togs p\u00e5 allvar?","jetpack_publicize_feature_enabled":true,"jetpack_social_post_already_shared":false,"jetpack_social_options":{"image_generator_settings":{"template":"highway","default_image_id":0,"font":"","enabled":false},"version":2},"jetpack_post_was_ever_published":false},"categories":[32203,5853],"tags":[10651688,8947314],"class_list":["post-6075","post","type-post","status-publish","format-standard","hentry","category-samhalle","category-vetenskap","tag-havandeskapsforgiftning","tag-preeklampsi"],"jetpack_publicize_connections":[],"jetpack_likes_enabled":true,"jetpack_sharing_enabled":true,"jetpack_shortlink":"https:\/\/wp.me\/p4saXQ-1zZ","jetpack-related-posts":[],"jetpack_featured_media_url":"","_links":{"self":[{"href":"https:\/\/uttryck.net\/index.php?rest_route=\/wp\/v2\/posts\/6075","targetHints":{"allow":["GET"]}}],"collection":[{"href":"https:\/\/uttryck.net\/index.php?rest_route=\/wp\/v2\/posts"}],"about":[{"href":"https:\/\/uttryck.net\/index.php?rest_route=\/wp\/v2\/types\/post"}],"author":[{"embeddable":true,"href":"https:\/\/uttryck.net\/index.php?rest_route=\/wp\/v2\/users\/42965754"}],"replies":[{"embeddable":true,"href":"https:\/\/uttryck.net\/index.php?rest_route=%2Fwp%2Fv2%2Fcomments&post=6075"}],"version-history":[{"count":15,"href":"https:\/\/uttryck.net\/index.php?rest_route=\/wp\/v2\/posts\/6075\/revisions"}],"predecessor-version":[{"id":6092,"href":"https:\/\/uttryck.net\/index.php?rest_route=\/wp\/v2\/posts\/6075\/revisions\/6092"}],"wp:attachment":[{"href":"https:\/\/uttryck.net\/index.php?rest_route=%2Fwp%2Fv2%2Fmedia&parent=6075"}],"wp:term":[{"taxonomy":"category","embeddable":true,"href":"https:\/\/uttryck.net\/index.php?rest_route=%2Fwp%2Fv2%2Fcategories&post=6075"},{"taxonomy":"post_tag","embeddable":true,"href":"https:\/\/uttryck.net\/index.php?rest_route=%2Fwp%2Fv2%2Ftags&post=6075"}],"curies":[{"name":"wp","href":"https:\/\/api.w.org\/{rel}","templated":true}]}}