{"id":6278,"date":"2026-03-06T23:38:50","date_gmt":"2026-03-06T22:38:50","guid":{"rendered":"http:\/\/uttryck.net\/?p=6278"},"modified":"2026-03-06T23:38:50","modified_gmt":"2026-03-06T22:38:50","slug":"dagliv-och-nattliv","status":"publish","type":"post","link":"https:\/\/uttryck.net\/?p=6278","title":{"rendered":"Dagliv och nattliv"},"content":{"rendered":"\n<figure class=\"wp-block-image aligncenter size-large\"><img data-recalc-dims=\"1\" loading=\"lazy\" decoding=\"async\" width=\"2000\" height=\"1334\" data-attachment-id=\"6285\" data-permalink=\"https:\/\/uttryck.net\/?attachment_id=6285\" data-orig-file=\"https:\/\/i0.wp.com\/uttryck.net\/wp-content\/uploads\/2026\/03\/img_0968.jpg?fit=2000%2C1334&amp;ssl=1\" data-orig-size=\"2000,1334\" data-comments-opened=\"1\" data-image-meta=\"{&quot;aperture&quot;:&quot;14&quot;,&quot;credit&quot;:&quot;&quot;,&quot;camera&quot;:&quot;Canon EOS 600D&quot;,&quot;caption&quot;:&quot;&quot;,&quot;created_timestamp&quot;:&quot;1372109854&quot;,&quot;copyright&quot;:&quot;&quot;,&quot;focal_length&quot;:&quot;18&quot;,&quot;iso&quot;:&quot;250&quot;,&quot;shutter_speed&quot;:&quot;0.025&quot;,&quot;title&quot;:&quot;&quot;,&quot;orientation&quot;:&quot;1&quot;}\" data-image-title=\"img_0968\" data-image-description=\"\" data-image-caption=\"\" data-large-file=\"https:\/\/i0.wp.com\/uttryck.net\/wp-content\/uploads\/2026\/03\/img_0968.jpg?fit=1024%2C683&amp;ssl=1\" src=\"https:\/\/i0.wp.com\/uttryck.net\/wp-content\/uploads\/2026\/03\/img_0968.jpg?resize=2000%2C1334&#038;ssl=1\" alt=\"\" class=\"wp-image-6285\" \/><figcaption class=\"wp-element-caption\">Tj\u00e4rn i skogen den 24 juni 2013.<\/figcaption><\/figure>\n\n\n\n<p class=\"wp-block-paragraph\"><strong>&#8221;Det f\u00f6rsta och viktigaste, som vi m\u00e4nniskor veta om livet, \u00e4r att det icke \u00e4r <em>ett<\/em> liv vi leva, utan <em>tv\u00e5<\/em>. Ett dagliv och ett nattliv, ett som vakna och ett s\u00e5som dr\u00f6mmande.&#8221;<\/strong><\/p>\n\n\n\n<p class=\"wp-block-paragraph\">S\u00e5 st\u00e5r det i inledningen till <em>Inbillningens v\u00e4rld<\/em>, ett verk som litteraturhistorikern Olle Holmberg skrev f\u00f6r hundra \u00e5r sedan. Det \u00e4r fullt av t\u00e4nkv\u00e4rda passager om fantasins betydelse f\u00f6r m\u00e4nniskan \u2013 eller d\u00e5tidens m\u00e4nniska, kanske ska s\u00e4gas. Jag anar n\u00e4mligen att den inre verkligheten v\u00e4rderades h\u00f6gre f\u00f6rr \u00e4n i dag, att den togs p\u00e5 ett st\u00f6rre allvar. Den fantasi som i dag v\u00e4rdes\u00e4tts \u00e4r v\u00e4l i stort sett bara den som kan oms\u00e4ttas i pengar eller ge klick i sociala medier.<\/p>\n\n\n\n<p class=\"wp-block-paragraph\">Livlig fantasi \u00e4r n\u00e5got som barn kan f\u00e5 uppskattning f\u00f6r, n\u00e5got som uppmuntras n\u00e4r det ska skrivas ber\u00e4ttelser p\u00e5 lektionerna i skolan. Men en vuxen som lever kvar i sina fantasier uppmanas att klippa sig och skaffa ett jobb. I produktivitetens tidevarv finns det f\u00f6ga tid f\u00f6r l\u00e4rjungen till Laotse som Holmberg citerar:<\/p>\n\n\n\n<p class=\"wp-block-paragraph\">&#8221;D\u00e5 jag i s\u00f6mnen i natt tyckte mig vara en fj\u00e4ril, var jag d\u00e5 en m\u00e4nniska som dr\u00f6mde detta, eller \u00e4r jag nu en fj\u00e4ril som dr\u00f6mmer sig vara en m\u00e4nniska?&#8221;<\/p>\n\n\n\n<p class=\"wp-block-paragraph\">Jag inser medan jag skriver att mitt f\u00f6rh\u00e5llande till fantasier \u00e4r komplicerat, d\u00e4rf\u00f6r att jag \u00e5 ena sidan \u00e4lskar den inre formbara v\u00e4rlden, \u00e5 andra sidan l\u00e4gger stor vikt vid sanningen i den yttre. Att l\u00e5ta b\u00e5da v\u00e4rldarna samexistera \u00e4r en rikedom, men att f\u00f6rv\u00e4xla dem \u00e4r farligt.<\/p>\n\n\n\n<p class=\"wp-block-paragraph\">F\u00f6r m\u00e5nga verkar gr\u00e4nsen mellan den inre och yttre v\u00e4rlden ha uppl\u00f6sts. Den sj\u00e4lvvalda inre sanningen styr beskrivningen av verkligheten, immun mot fakta och argument. Men det beror s\u00e4llan p\u00e5 en rik f\u00f6rest\u00e4llningsf\u00f6rm\u00e5ga utan \u00e4r snarare konsekvensen av likgiltighet eller r\u00e4dsla att beh\u00f6va revidera en \u00f6vertygelse.<\/p>\n\n\n\n<p class=\"wp-block-paragraph\">Att f\u00f6rneka vad som sker utanf\u00f6r f\u00f6nstret \u00e4r att ljuga inf\u00f6r sig sj\u00e4lv och andra. Att v\u00e4nda blicken bort fr\u00e5n f\u00f6nstret&#8230; \u00e4r det fegt eller klokt?<\/p>\n\n\n\n<p class=\"wp-block-paragraph\">V\u00e4rdet av boken man l\u00e4ser, den p\u00e5g\u00e5ende inre monologen eller mentala resan \u00e4r \u00f6ppet f\u00f6r diskussion. Men att fly \u00e4r inte att f\u00f6rneka, eller beh\u00f6ver inte vara det.<\/p>\n","protected":false},"excerpt":{"rendered":"<p>&#8221;Det f\u00f6rsta och viktigaste, som vi m\u00e4nniskor veta om livet, \u00e4r att det icke \u00e4r ett liv vi leva, utan tv\u00e5. Ett dagliv och ett nattliv, ett som vakna och ett s\u00e5som dr\u00f6mmande.&#8221; S\u00e5 st\u00e5r det i inledningen till Inbillningens v\u00e4rld, ett verk som litteraturhistorikern Olle Holmberg skrev f\u00f6r hundra \u00e5r sedan. Det \u00e4r fullt [&hellip;]<\/p>\n","protected":false},"author":42965754,"featured_media":0,"comment_status":"open","ping_status":"open","sticky":false,"template":"","format":"standard","meta":{"_coblocks_attr":"","_coblocks_dimensions":"","_coblocks_responsive_height":"","_coblocks_accordion_ie_support":"","advanced_seo_description":"","jetpack_seo_html_title":"","jetpack_seo_noindex":false,"jetpack_seo_schema_type":"","_jetpack_newsletter_access":"","_jetpack_dont_email_post_to_subs":false,"_jetpack_newsletter_tier_id":0,"_jetpack_memberships_contains_paywalled_content":false,"_wpcom_ai_launchpad_first_post":false,"_jetpack_feature_clip_id":0,"_jetpack_memberships_contains_paid_content":false,"footnotes":"","jetpack_publicize_message":"Dagliv och nattliv","jetpack_publicize_feature_enabled":true,"jetpack_social_post_already_shared":false,"jetpack_social_options":{"image_generator_settings":{"template":"highway","default_image_id":0,"font":"","enabled":false},"version":2},"jetpack_post_was_ever_published":false},"categories":[21744],"tags":[],"class_list":["post-6278","post","type-post","status-publish","format-standard","hentry","category-filosofi"],"jetpack_publicize_connections":[],"jetpack_likes_enabled":true,"jetpack_sharing_enabled":true,"jetpack_shortlink":"https:\/\/wp.me\/p4saXQ-1Dg","jetpack-related-posts":[],"jetpack_featured_media_url":"","_links":{"self":[{"href":"https:\/\/uttryck.net\/index.php?rest_route=\/wp\/v2\/posts\/6278","targetHints":{"allow":["GET"]}}],"collection":[{"href":"https:\/\/uttryck.net\/index.php?rest_route=\/wp\/v2\/posts"}],"about":[{"href":"https:\/\/uttryck.net\/index.php?rest_route=\/wp\/v2\/types\/post"}],"author":[{"embeddable":true,"href":"https:\/\/uttryck.net\/index.php?rest_route=\/wp\/v2\/users\/42965754"}],"replies":[{"embeddable":true,"href":"https:\/\/uttryck.net\/index.php?rest_route=%2Fwp%2Fv2%2Fcomments&post=6278"}],"version-history":[{"count":8,"href":"https:\/\/uttryck.net\/index.php?rest_route=\/wp\/v2\/posts\/6278\/revisions"}],"predecessor-version":[{"id":6287,"href":"https:\/\/uttryck.net\/index.php?rest_route=\/wp\/v2\/posts\/6278\/revisions\/6287"}],"wp:attachment":[{"href":"https:\/\/uttryck.net\/index.php?rest_route=%2Fwp%2Fv2%2Fmedia&parent=6278"}],"wp:term":[{"taxonomy":"category","embeddable":true,"href":"https:\/\/uttryck.net\/index.php?rest_route=%2Fwp%2Fv2%2Fcategories&post=6278"},{"taxonomy":"post_tag","embeddable":true,"href":"https:\/\/uttryck.net\/index.php?rest_route=%2Fwp%2Fv2%2Ftags&post=6278"}],"curies":[{"name":"wp","href":"https:\/\/api.w.org\/{rel}","templated":true}]}}